{"id":277,"date":"2014-03-24T12:13:32","date_gmt":"2014-03-24T15:13:32","guid":{"rendered":"http:\/\/sinpro-al.com.br\/v2\/?p=277"},"modified":"2014-03-24T12:13:32","modified_gmt":"2014-03-24T15:13:32","slug":"sinpro-al-realiza-assembleia-geral","status":"publish","type":"post","link":"http:\/\/sinpro-al.com.br\/v2\/?p=277","title":{"rendered":"Sinpro-AL realiza assembleia geral"},"content":{"rendered":"<p><a href=\"http:\/\/sinpro-al.com.br\/v2\/wp-content\/uploads\/2014\/03\/1977427_552826294833240_488602448_n.jpg\"><img loading=\"lazy\" decoding=\"async\" class=\"alignleft size-medium wp-image-278\" alt=\"1977427_552826294833240_488602448_n\" src=\"http:\/\/sinpro-al.com.br\/v2\/wp-content\/uploads\/2014\/03\/1977427_552826294833240_488602448_n-300x191.jpg\" width=\"300\" height=\"191\" srcset=\"http:\/\/sinpro-al.com.br\/v2\/wp-content\/uploads\/2014\/03\/1977427_552826294833240_488602448_n-300x191.jpg 300w, http:\/\/sinpro-al.com.br\/v2\/wp-content\/uploads\/2014\/03\/1977427_552826294833240_488602448_n.jpg 682w\" sizes=\"auto, (max-width: 300px) 100vw, 300px\" \/><\/a>Neste \u00faltimo s\u00e1bado (22) aconteceu na sede do Sindicato dos Banc\u00e1rios, em Macei\u00f3, uma assembleia geral do Sindicato dos Professores de Alagoas (Sinpro-AL). A dire\u00e7\u00e3o juntamente com os sindicalizados puderam discutir assuntos do interesse da categoria da forma mais democr\u00e1tica e justa.<\/p>\n<p>Na ocasi\u00e3o, o vice-presidente, Eduardo Vasconcelos, prestou conta das atividades realizadas em 2013, como as paralisa\u00e7\u00e3o em algumas institui\u00e7\u00f5es de ensino, den\u00fancias, fiscaliza\u00e7\u00f5es, audi\u00eancias p\u00fablicas, participa\u00e7\u00f5es em atos e as atividades culturais realizadas pelo sindicato.<\/p>\n<p>Uma reuni\u00e3o no pr\u00f3ximo dia 27 \u00e0s 9h est\u00e1 marcada com a dire\u00e7\u00e3o do Sindicato das Escolas Particulares de Alagoas (Sinepe) onde r\u00e1 apresentada a proposta salarial de 2014 aprovada na assembleia.<\/p>\n<p><strong>\u00a0<\/strong><\/p>\n","protected":false},"excerpt":{"rendered":"<p>Neste \u00faltimo s\u00e1bado (22) aconteceu na sede do Sindicato dos Banc\u00e1rios, em Macei\u00f3, uma assembleia geral do Sindicato dos Professores de Alagoas (Sinpro-AL). A dire\u00e7\u00e3o juntamente com os sindicalizados puderam discutir assuntos do interesse da categoria da forma mais democr\u00e1tica e justa. Na ocasi\u00e3o, o vice-presidente, Eduardo Vasconcelos, prestou conta das atividades realizadas em 2013, [&hellip;]<\/p>\n","protected":false},"author":4,"featured_media":0,"comment_status":"open","ping_status":"open","sticky":false,"template":"","format":"standard","meta":{"footnotes":""},"categories":[18,13,4],"tags":[11,26,10],"class_list":["post-277","post","type-post","status-publish","format-standard","hentry","category-alagoas","category-educacao","category-noticias-sinpro-al","tag-assembleia","tag-debate","tag-sinpro-al"],"_links":{"self":[{"href":"http:\/\/sinpro-al.com.br\/v2\/index.php?rest_route=\/wp\/v2\/posts\/277","targetHints":{"allow":["GET"]}}],"collection":[{"href":"http:\/\/sinpro-al.com.br\/v2\/index.php?rest_route=\/wp\/v2\/posts"}],"about":[{"href":"http:\/\/sinpro-al.com.br\/v2\/index.php?rest_route=\/wp\/v2\/types\/post"}],"author":[{"embeddable":true,"href":"http:\/\/sinpro-al.com.br\/v2\/index.php?rest_route=\/wp\/v2\/users\/4"}],"replies":[{"embeddable":true,"href":"http:\/\/sinpro-al.com.br\/v2\/index.php?rest_route=%2Fwp%2Fv2%2Fcomments&post=277"}],"version-history":[{"count":1,"href":"http:\/\/sinpro-al.com.br\/v2\/index.php?rest_route=\/wp\/v2\/posts\/277\/revisions"}],"predecessor-version":[{"id":279,"href":"http:\/\/sinpro-al.com.br\/v2\/index.php?rest_route=\/wp\/v2\/posts\/277\/revisions\/279"}],"wp:attachment":[{"href":"http:\/\/sinpro-al.com.br\/v2\/index.php?rest_route=%2Fwp%2Fv2%2Fmedia&parent=277"}],"wp:term":[{"taxonomy":"category","embeddable":true,"href":"http:\/\/sinpro-al.com.br\/v2\/index.php?rest_route=%2Fwp%2Fv2%2Fcategories&post=277"},{"taxonomy":"post_tag","embeddable":true,"href":"http:\/\/sinpro-al.com.br\/v2\/index.php?rest_route=%2Fwp%2Fv2%2Ftags&post=277"}],"curies":[{"name":"wp","href":"https:\/\/api.w.org\/{rel}","templated":true}]}}