{"id":270,"date":"2014-03-19T14:49:39","date_gmt":"2014-03-19T17:49:39","guid":{"rendered":"http:\/\/sinpro-al.com.br\/v2\/?p=270"},"modified":"2014-03-19T14:49:39","modified_gmt":"2014-03-19T17:49:39","slug":"em-ato-professores-pedem-votacao-do-pne-e-10-do-pib-para-a-educacao","status":"publish","type":"post","link":"http:\/\/sinpro-al.com.br\/v2\/?p=270","title":{"rendered":"Em ato, professores pedem vota\u00e7\u00e3o do PNE e 10% do PIB para a educa\u00e7\u00e3o"},"content":{"rendered":"<div id=\"attachment_271\" style=\"width: 310px\" class=\"wp-caption alignleft\"><a href=\"http:\/\/sinpro-al.com.br\/v2\/wp-content\/uploads\/2014\/03\/cut.jpg\"><img loading=\"lazy\" decoding=\"async\" aria-describedby=\"caption-attachment-271\" class=\"size-medium wp-image-271\" alt=\"BETO NOCITI\/FUTURA PRESS\/ESTAD\u00c3O CONTE\u00daDO\" src=\"http:\/\/sinpro-al.com.br\/v2\/wp-content\/uploads\/2014\/03\/cut-300x201.jpg\" width=\"300\" height=\"201\" srcset=\"http:\/\/sinpro-al.com.br\/v2\/wp-content\/uploads\/2014\/03\/cut-300x201.jpg 300w, http:\/\/sinpro-al.com.br\/v2\/wp-content\/uploads\/2014\/03\/cut.jpg 452w\" sizes=\"auto, (max-width: 300px) 100vw, 300px\" \/><\/a><p id=\"caption-attachment-271\" class=\"wp-caption-text\">BETO NOCITI\/FUTURA PRESS\/ESTAD\u00c3O CONTE\u00daDO<\/p><\/div>\n<p>Cerca de 2,5 mil professores de todo o pa\u00eds est\u00e3o reunidos na tarde desta quarta-feira (19) em frente ao Pal\u00e1cio do Planalto em um ato por melhorias na educa\u00e7\u00e3o. Mais cedo, eles se concentraram no gramado do Congresso Nacional com faixas, cartazes e apitos.<\/p>\n<p>De acordo com o presidente da Confedera\u00e7\u00e3o Nacional dos Trabalhadores em Educa\u00e7\u00e3o (CNTE), Roberto Le\u00e3o, as principais demandas incluem o cumprimento da lei do piso, a vota\u00e7\u00e3o imediata do Plano Nacional da Educa\u00e7\u00e3o (PNE) e a destina\u00e7\u00e3o de 10% do Produto Interno Bruto (PIB) para a educa\u00e7\u00e3o.<\/p>\n<p>&#8220;Nossa luta \u00e9 em defesa da escola p\u00fablica, de uma escola digna para a popula\u00e7\u00e3o brasileira. A escola p\u00fablica precisa ser tratada com respeito e investimento porque \u00e9 uma escola aberta a todos&#8221;, disse.<\/p>\n<p>Reni Nunes, professora de educa\u00e7\u00e3o especial, veio do Paran\u00e1 para participar do ato. &#8220;Viemos reivindicar a fixa\u00e7\u00e3o do professor dentro do seu estabelecimento de ensino e o cumprimento do piso. Tem prefeitura que n\u00e3o est\u00e1 pagando o piso correto aos professores.&#8221;<\/p>\n<p>Jos\u00e9 Carlos Martins, professor de \u00c1guas Lindas (GO), tamb\u00e9m criticou a n\u00e3o ades\u00e3o das prefeituras ao pagamento do piso nacional. &#8220;A educa\u00e7\u00e3o no Brasil est\u00e1 \u00e0 deriva. N\u00e3o est\u00e1 seguindo o rumo que deveria para uma educa\u00e7\u00e3o de qualidade. Os profissionais n\u00e3o s\u00e3o valorizados&#8221;, ressaltou.<\/p>\n<p>De acordo com a CNTE, a expectativa \u00e9 que o ato abra caminho para uma audi\u00eancia com a presidenta Dilma Rousseff.<\/p>\n<p>Cerca de 30 homens do batalh\u00e3o da Pol\u00edcia do Ex\u00e9rcito fazem a prote\u00e7\u00e3o do Pal\u00e1cio do Planalto enquanto a Pol\u00edcia Militar do Distrito Federal tenta organizar os manifestantes.<\/p>\n<p>Fonte: UOL<\/p>\n","protected":false},"excerpt":{"rendered":"<p>Cerca de 2,5 mil professores de todo o pa\u00eds est\u00e3o reunidos na tarde desta quarta-feira (19) em frente ao Pal\u00e1cio do Planalto em um ato por melhorias na educa\u00e7\u00e3o. Mais cedo, eles se concentraram no gramado do Congresso Nacional com faixas, cartazes e apitos. De acordo com o presidente da Confedera\u00e7\u00e3o Nacional dos Trabalhadores em [&hellip;]<\/p>\n","protected":false},"author":4,"featured_media":0,"comment_status":"open","ping_status":"open","sticky":false,"template":"","format":"standard","meta":{"footnotes":""},"categories":[14,13],"tags":[],"class_list":["post-270","post","type-post","status-publish","format-standard","hentry","category-brasil","category-educacao"],"_links":{"self":[{"href":"http:\/\/sinpro-al.com.br\/v2\/index.php?rest_route=\/wp\/v2\/posts\/270","targetHints":{"allow":["GET"]}}],"collection":[{"href":"http:\/\/sinpro-al.com.br\/v2\/index.php?rest_route=\/wp\/v2\/posts"}],"about":[{"href":"http:\/\/sinpro-al.com.br\/v2\/index.php?rest_route=\/wp\/v2\/types\/post"}],"author":[{"embeddable":true,"href":"http:\/\/sinpro-al.com.br\/v2\/index.php?rest_route=\/wp\/v2\/users\/4"}],"replies":[{"embeddable":true,"href":"http:\/\/sinpro-al.com.br\/v2\/index.php?rest_route=%2Fwp%2Fv2%2Fcomments&post=270"}],"version-history":[{"count":2,"href":"http:\/\/sinpro-al.com.br\/v2\/index.php?rest_route=\/wp\/v2\/posts\/270\/revisions"}],"predecessor-version":[{"id":273,"href":"http:\/\/sinpro-al.com.br\/v2\/index.php?rest_route=\/wp\/v2\/posts\/270\/revisions\/273"}],"wp:attachment":[{"href":"http:\/\/sinpro-al.com.br\/v2\/index.php?rest_route=%2Fwp%2Fv2%2Fmedia&parent=270"}],"wp:term":[{"taxonomy":"category","embeddable":true,"href":"http:\/\/sinpro-al.com.br\/v2\/index.php?rest_route=%2Fwp%2Fv2%2Fcategories&post=270"},{"taxonomy":"post_tag","embeddable":true,"href":"http:\/\/sinpro-al.com.br\/v2\/index.php?rest_route=%2Fwp%2Fv2%2Ftags&post=270"}],"curies":[{"name":"wp","href":"https:\/\/api.w.org\/{rel}","templated":true}]}}