{"id":266,"date":"2014-03-19T10:18:29","date_gmt":"2014-03-19T13:18:29","guid":{"rendered":"http:\/\/sinpro-al.com.br\/v2\/?p=266"},"modified":"2014-03-19T10:25:46","modified_gmt":"2014-03-19T13:25:46","slug":"ministro-da-educacao-confirma-visita-a-alagoas-em-abril","status":"publish","type":"post","link":"http:\/\/sinpro-al.com.br\/v2\/?p=266","title":{"rendered":"Ministro da Educa\u00e7\u00e3o confirma visita a Alagoas em Abril"},"content":{"rendered":"<div id=\"attachment_267\" style=\"width: 310px\" class=\"wp-caption alignleft\"><a href=\"http:\/\/sinpro-al.com.br\/v2\/wp-content\/uploads\/2014\/03\/ministro.jpg\"><img loading=\"lazy\" decoding=\"async\" aria-describedby=\"caption-attachment-267\" class=\"size-medium wp-image-267\" alt=\"Ministro da Educa\u00e7\u00e3o, Jos\u00e9 Henrique Paim\" src=\"http:\/\/sinpro-al.com.br\/v2\/wp-content\/uploads\/2014\/03\/ministro-300x146.jpg\" width=\"300\" height=\"146\" srcset=\"http:\/\/sinpro-al.com.br\/v2\/wp-content\/uploads\/2014\/03\/ministro-300x146.jpg 300w, http:\/\/sinpro-al.com.br\/v2\/wp-content\/uploads\/2014\/03\/ministro.jpg 615w\" sizes=\"auto, (max-width: 300px) 100vw, 300px\" \/><\/a><p id=\"caption-attachment-267\" class=\"wp-caption-text\">Ministro da Educa\u00e7\u00e3o, Jos\u00e9 Henrique Paim<\/p><\/div>\n<p>O \u00a0ministro da Educa\u00e7\u00e3o, Jos\u00e9 Henrique Paim, confirmou que visitar\u00e1 Alagoas no in\u00edcio do m\u00eas de abril para participar do VII Congresso Brasileiro da Educa\u00e7\u00e3o Superior Particular que acontece em Macei\u00f3.<\/p>\n<p>O VII Congresso visa promover um encontro entre educadores, empres\u00e1rios e profissionais do setor da Educa\u00e7\u00e3o e tratar da nova realidade proposta pelas m\u00eddias &#8211; devido ao avan\u00e7o da tecnologia e do acesso a informa\u00e7\u00f5es &#8211; pelos profissionais, pais e alunos. Cerca de 500 pessoas s\u00e3o esperadas este ano em Macei\u00f3.<\/p>\n<p>Jos\u00e9 Henrique Paim assumiu a pasta no dia 30 de janeiro, quando a presidente Dilma Rousseff\u00a0tamb\u00e9m trocou os chefes da Casa Civil e Sa\u00fade.<\/p>\n","protected":false},"excerpt":{"rendered":"<p>O \u00a0ministro da Educa\u00e7\u00e3o, Jos\u00e9 Henrique Paim, confirmou que visitar\u00e1 Alagoas no in\u00edcio do m\u00eas de abril para participar do VII Congresso Brasileiro da Educa\u00e7\u00e3o Superior Particular que acontece em Macei\u00f3. O VII Congresso visa promover um encontro entre educadores, empres\u00e1rios e profissionais do setor da Educa\u00e7\u00e3o e tratar da nova realidade proposta pelas m\u00eddias [&hellip;]<\/p>\n","protected":false},"author":4,"featured_media":0,"comment_status":"open","ping_status":"open","sticky":false,"template":"","format":"standard","meta":{"footnotes":""},"categories":[18,14,13],"tags":[100,22,98,24,21,23,20],"class_list":["post-266","post","type-post","status-publish","format-standard","hentry","category-alagoas","category-brasil","category-educacao","tag-alagoas","tag-congresso","tag-educacao","tag-ensino-superior","tag-ministro","tag-nacional","tag-visita"],"_links":{"self":[{"href":"http:\/\/sinpro-al.com.br\/v2\/index.php?rest_route=\/wp\/v2\/posts\/266","targetHints":{"allow":["GET"]}}],"collection":[{"href":"http:\/\/sinpro-al.com.br\/v2\/index.php?rest_route=\/wp\/v2\/posts"}],"about":[{"href":"http:\/\/sinpro-al.com.br\/v2\/index.php?rest_route=\/wp\/v2\/types\/post"}],"author":[{"embeddable":true,"href":"http:\/\/sinpro-al.com.br\/v2\/index.php?rest_route=\/wp\/v2\/users\/4"}],"replies":[{"embeddable":true,"href":"http:\/\/sinpro-al.com.br\/v2\/index.php?rest_route=%2Fwp%2Fv2%2Fcomments&post=266"}],"version-history":[{"count":1,"href":"http:\/\/sinpro-al.com.br\/v2\/index.php?rest_route=\/wp\/v2\/posts\/266\/revisions"}],"predecessor-version":[{"id":268,"href":"http:\/\/sinpro-al.com.br\/v2\/index.php?rest_route=\/wp\/v2\/posts\/266\/revisions\/268"}],"wp:attachment":[{"href":"http:\/\/sinpro-al.com.br\/v2\/index.php?rest_route=%2Fwp%2Fv2%2Fmedia&parent=266"}],"wp:term":[{"taxonomy":"category","embeddable":true,"href":"http:\/\/sinpro-al.com.br\/v2\/index.php?rest_route=%2Fwp%2Fv2%2Fcategories&post=266"},{"taxonomy":"post_tag","embeddable":true,"href":"http:\/\/sinpro-al.com.br\/v2\/index.php?rest_route=%2Fwp%2Fv2%2Ftags&post=266"}],"curies":[{"name":"wp","href":"https:\/\/api.w.org\/{rel}","templated":true}]}}