{"id":262,"date":"2014-03-18T10:44:28","date_gmt":"2014-03-18T13:44:28","guid":{"rendered":"http:\/\/sinpro-al.com.br\/v2\/?p=262"},"modified":"2014-03-17T10:50:45","modified_gmt":"2014-03-17T13:50:45","slug":"pais-tera-de-colocar-cerca-de-1-milhao-de-criancas-na-pre-escola-ate-2016","status":"publish","type":"post","link":"http:\/\/sinpro-al.com.br\/v2\/?p=262","title":{"rendered":"Pa\u00eds ter\u00e1 de colocar cerca de 1 milh\u00e3o de crian\u00e7as na pr\u00e9-escola at\u00e9 2016"},"content":{"rendered":"<p><a href=\"http:\/\/sinpro-al.com.br\/v2\/wp-content\/uploads\/2014\/03\/9di8t4kn4xkwbnq2iv3cn0ze6.jpg\"><img loading=\"lazy\" decoding=\"async\" class=\"alignleft size-medium wp-image-263\" alt=\"9di8t4kn4xkwbnq2iv3cn0ze6\" src=\"http:\/\/sinpro-al.com.br\/v2\/wp-content\/uploads\/2014\/03\/9di8t4kn4xkwbnq2iv3cn0ze6-225x300.jpg\" width=\"225\" height=\"300\" srcset=\"http:\/\/sinpro-al.com.br\/v2\/wp-content\/uploads\/2014\/03\/9di8t4kn4xkwbnq2iv3cn0ze6-225x300.jpg 225w, http:\/\/sinpro-al.com.br\/v2\/wp-content\/uploads\/2014\/03\/9di8t4kn4xkwbnq2iv3cn0ze6.jpg 316w\" sizes=\"auto, (max-width: 225px) 100vw, 225px\" \/><\/a>Para cumprir uma das metas do Plano Nacional de Educa\u00e7\u00e3o (PNE), que prev\u00ea a universaliza\u00e7\u00e3o da educa\u00e7\u00e3o infantil, o Brasil ter\u00e1 de criar 1 milh\u00e3o de vagas na pr\u00e9-escola at\u00e9 o ano de 2016.<\/p>\n<p>Os dados s\u00e3o de um levantamento realizado pelo movimento Todos Pela Educa\u00e7\u00e3o com base na Pesquisa Nacional por Amostra de Domic\u00edlio (Pnad) 2012. Os n\u00fameros mostram que, hoje, 20% das crian\u00e7as com faixa et\u00e1ria de 4 e 5 anos est\u00e3o fora da escola.<\/p>\n<p>Para os especialistas, t\u00e3o importante quanto o cumprimento da meta \u00e9 a garantia de que o atendimento ser\u00e1 feito com qualidade.<\/p>\n<p>\u201cA implementa\u00e7\u00e3o dessa meta \u00e9 muito complicada porque, al\u00e9m de abrir a vaga, \u00e9 preciso ter o espa\u00e7o adequado, bons equipamentos de lazer e um programa pedag\u00f3gico que sustente o trabalho&#8221;, afirma Silvia Colello,\u00a0professora da Faculdade de Educa\u00e7\u00e3o da Universidade de S\u00e3o Paulo (USP).<\/p>\n<p>\u201cAs salas de educa\u00e7\u00e3o na pr\u00e9-escola n\u00e3o podem ser dep\u00f3sitos de crian\u00e7a. Muitas vezes a escola n\u00e3o tem estrutura, n\u00e3o tem brinquedo pedag\u00f3gico, n\u00e3o tem um acompanhamento com qualidade\u201d, afirma Silvia.<\/p>\n<p><strong>Incluir n\u00e3o basta<\/strong><\/p>\n<p>Uma mostra de que s\u00f3 a inclus\u00e3o n\u00e3o \u00e9 suficiente pode ser observada no pr\u00f3prio levantamento. Dentre todas as regi\u00f5es, a Nordeste \u00e9 a que registra o maior porcentual de crian\u00e7as na pr\u00e9-escola: 87,5% dos pequenos com 4 e 5 anos est\u00e3o matriculados. Apesar disso, a regi\u00e3o apresenta baixo desempenho na Prova Brasil, que avalia os estudantes do ensino fundamental.<\/p>\n<p>\u201cCom isso, a gente v\u00ea que n\u00e3o \u00e9 suficiente a presen\u00e7a das crian\u00e7as na sala, mas que para ter impacto \u00e9 preciso de qualidade\u201d, afirma Alejandra Meraz Velasco, gerente da \u00e1rea t\u00e9cnica do Todos Pela Educa\u00e7\u00e3o.<\/p>\n<p>Enquanto o Nordeste tem 87,5% das crian\u00e7as matriculadas na pr\u00e9-escola, na outra ponta a regi\u00e3o Norte registra \u00edndice de apenas 70%. O Centro-Oeste tem 73,9%, o Sul, 75,4% e o Sudeste. 85%.<\/p>\n<p><strong>Desigualdade de acesso<\/strong><\/p>\n<p>O levantamento tamb\u00e9m mapeou a desigualdade por renda. No Centro-Oeste &#8211; que tem a maior dist\u00e2ncia entre taxas &#8211; enquanto 96% das crian\u00e7as das fam\u00edlias mais ricas frequentavam a pr\u00e9-escola, apenas 62,5% dos mais pobres estavam matriculadas nas institui\u00e7\u00f5es de ensino.\u00a0&#8220;Isso mostra que, independentemente da regi\u00e3o, aqueles que t\u00eam oportunidades colocam o filho na escola mais cedo&#8221;, diz Alejandra.<strong>\u00a0<\/strong><\/p>\n<p>O acesso das crian\u00e7as na zona rural tamb\u00e9m \u00e9 menor. Enquanto cerca de 84% das crian\u00e7as que vivem nas regi\u00f5es urbanas v\u00e3o para pr\u00e9-escola, na zona rural o \u00edndice cai para 73,2%.<\/p>\n<p>Para a professora de Educa\u00e7\u00e3o da UFMG M\u00f4nica Correa Baptista, a diferen\u00e7a tem duas explica\u00e7\u00f5es: a dificuldade da oferta do e a falta de um plano pedag\u00f3gico que atenda as particularidades da zona rural. &#8220;Muitas vezes, s\u00e3o comunidades pequenas, que n\u00e3o t\u00eam escolas e que muitas vezes n\u00e3o t\u00eam estrutura para o transporte das crian\u00e7as. (&#8230;) Al\u00e9m disso, o ensino no campo tem que pensar nas\u00a0especificidades do campo. N\u00e3o d\u00e1 para pensar na mesma l\u00f3gica da cidade&#8221;, diz.<\/p>\n<p><strong>Desafios<\/strong><\/p>\n<p>Diante desse cen\u00e1rio, cada munic\u00edpio precisa descobrir qual ser\u00e1 o seu desafio, explica Alejandra. &#8220;Para alguns, ser\u00e1 a quest\u00e3o de encontrar locais para abrir unidades de pr\u00e9-escola, para outros ser\u00e1 encontrar professores para atender a demanda&#8221;, diz.<\/p>\n<p>Isso al\u00e9m da necessidade da crian\u00e7\u00e3o de uma base curricular comum, j\u00e1 que\u00a0o ensino da pr\u00e9-escola se tornou obrigat\u00f3rio. &#8220;\u00c9 preciso uma base que estabele\u00e7a o que todas as crian\u00e7as t\u00eam que aprender para que, de fato, a educa\u00e7\u00e3o contribua em uma fase t\u00e3o crucial, que o Brasil ainda patina&#8221;, avalia Alejandra.<\/p>\n<p>M\u00f4nica, da UFMG, chama a aten\u00e7\u00e3o para o problema do financiamento. &#8220;Creches e pr\u00e9-escolas fazem parte do Fundeb, mas n\u00e3o h\u00e1 um dispositivo que obrigue que um montante seja investido na educa\u00e7\u00e3o infantil\u201d. Sem essa obrigatoriedade, diz ela, as escolas de educa\u00e7\u00e3o infantil ainda s\u00e3o as mais prec\u00e1rias, com mais improvisa\u00e7\u00f5es. &#8220;Os materiais e espa\u00e7os precisam ser apropriados para essas crian\u00e7as, n\u00e3o pode ter a mesma estrutura de uma escola para os mais velhos.\u201d<\/p>\n<p>Por fim, diz M\u00f4nica, o tempo de aula na pr\u00e9-escola tamb\u00e9m deveria ser maior. &#8220;Acho quatro horas e meia muito pouco. Teria de ser seis horas.&#8221;<\/p>\n","protected":false},"excerpt":{"rendered":"<p>Para cumprir uma das metas do Plano Nacional de Educa\u00e7\u00e3o (PNE), que prev\u00ea a universaliza\u00e7\u00e3o da educa\u00e7\u00e3o infantil, o Brasil ter\u00e1 de criar 1 milh\u00e3o de vagas na pr\u00e9-escola at\u00e9 o ano de 2016. Os dados s\u00e3o de um levantamento realizado pelo movimento Todos Pela Educa\u00e7\u00e3o com base na Pesquisa Nacional por Amostra de Domic\u00edlio [&hellip;]<\/p>\n","protected":false},"author":2,"featured_media":0,"comment_status":"open","ping_status":"open","sticky":false,"template":"","format":"standard","meta":{"footnotes":""},"categories":[14,13],"tags":[98,17,16],"class_list":["post-262","post","type-post","status-publish","format-standard","hentry","category-brasil","category-educacao","tag-educacao","tag-metas","tag-pesquisa"],"_links":{"self":[{"href":"http:\/\/sinpro-al.com.br\/v2\/index.php?rest_route=\/wp\/v2\/posts\/262","targetHints":{"allow":["GET"]}}],"collection":[{"href":"http:\/\/sinpro-al.com.br\/v2\/index.php?rest_route=\/wp\/v2\/posts"}],"about":[{"href":"http:\/\/sinpro-al.com.br\/v2\/index.php?rest_route=\/wp\/v2\/types\/post"}],"author":[{"embeddable":true,"href":"http:\/\/sinpro-al.com.br\/v2\/index.php?rest_route=\/wp\/v2\/users\/2"}],"replies":[{"embeddable":true,"href":"http:\/\/sinpro-al.com.br\/v2\/index.php?rest_route=%2Fwp%2Fv2%2Fcomments&post=262"}],"version-history":[{"count":1,"href":"http:\/\/sinpro-al.com.br\/v2\/index.php?rest_route=\/wp\/v2\/posts\/262\/revisions"}],"predecessor-version":[{"id":264,"href":"http:\/\/sinpro-al.com.br\/v2\/index.php?rest_route=\/wp\/v2\/posts\/262\/revisions\/264"}],"wp:attachment":[{"href":"http:\/\/sinpro-al.com.br\/v2\/index.php?rest_route=%2Fwp%2Fv2%2Fmedia&parent=262"}],"wp:term":[{"taxonomy":"category","embeddable":true,"href":"http:\/\/sinpro-al.com.br\/v2\/index.php?rest_route=%2Fwp%2Fv2%2Fcategories&post=262"},{"taxonomy":"post_tag","embeddable":true,"href":"http:\/\/sinpro-al.com.br\/v2\/index.php?rest_route=%2Fwp%2Fv2%2Ftags&post=262"}],"curies":[{"name":"wp","href":"https:\/\/api.w.org\/{rel}","templated":true}]}}