{"id":253,"date":"2014-03-16T12:50:49","date_gmt":"2014-03-16T15:50:49","guid":{"rendered":"http:\/\/sinpro-al.com.br\/v2\/?p=253"},"modified":"2014-03-16T12:50:49","modified_gmt":"2014-03-16T15:50:49","slug":"mercantilizacao-vem-derrubando-a-qualidade-do-ensino-em-alagoas","status":"publish","type":"post","link":"http:\/\/sinpro-al.com.br\/v2\/?p=253","title":{"rendered":"Mercantiliza\u00e7\u00e3o vem derrubando a qualidade do ensino em Alagoas"},"content":{"rendered":"<p>&nbsp;<\/p>\n<p><a href=\"http:\/\/sinpro-al.com.br\/v2\/wp-content\/uploads\/2014\/03\/lata-de-sardinha.jpg\"><img loading=\"lazy\" decoding=\"async\" class=\"alignleft size-medium wp-image-254\" alt=\"lata de sardinha\" src=\"http:\/\/sinpro-al.com.br\/v2\/wp-content\/uploads\/2014\/03\/lata-de-sardinha-300x267.jpg\" width=\"300\" height=\"267\" srcset=\"http:\/\/sinpro-al.com.br\/v2\/wp-content\/uploads\/2014\/03\/lata-de-sardinha-300x267.jpg 300w, http:\/\/sinpro-al.com.br\/v2\/wp-content\/uploads\/2014\/03\/lata-de-sardinha.jpg 350w\" sizes=\"auto, (max-width: 300px) 100vw, 300px\" \/><\/a><\/p>\n<p>Superlota\u00e7\u00e3o em sala de aula<\/p>\n<p>&nbsp;<\/p>\n<p><b>Por Bianca Ferraz- CadaMinuto Press<\/b><\/p>\n<p>N\u00e3o h\u00e1 professor capaz de discordar que a superlota\u00e7\u00e3o em sala de aula reflete diretamente na baixa qualidade da aprendizagem, visto que impossibilita qualquer atividade personalizada, principalmente em rela\u00e7\u00e3o aos alunos que tenham algum tipo de dificuldade e que, por isso,\u00a0\u00a0precisam de acompanhamento. N\u00e3o existe, ainda, uma resolu\u00e7\u00e3o que limite a quantidade de alunos que podem ser matriculados no per\u00edodo letivo e de acordo com o Sindicato dos Professores de Alagoas (Sinpro-AL), representante do magist\u00e9rio de iniciativa privada, essa \u00e9 uma realidade que t\u00eam atingido, principalmente, as institui\u00e7\u00f5es privadas de ensino superior.<\/p>\n<p>Sem uma lei que lhes imponha um n\u00famero m\u00e1ximo de alunos que podem assistir aula numa determinada turma, o que vigora \u00e9 o bom senso dos dirigentes das faculdades, que precisam levar em considera\u00e7\u00e3o o espa\u00e7o f\u00edsico que comportar\u00e1 esses alunos, se o tipo de estrutura \u00e9 suficiente e adequada para o conforto tanto de estudantes quanto de professores. \u201cO Sinpro tem, antes de qualquer coisa, a fun\u00e7\u00e3o social de lutar pela qualidade do ensino, principalmente levando em quest\u00e3o os \u00edndices educacionais negativos que colocam nosso estado nos notici\u00e1rios\u201d, afirma Eduardo Vasconcelos, diretor vice-presidente do sindicato.<\/p>\n<p><b>\u00a0\u00a0\u00a0\u00a0Conflito de interesses<\/b><\/p>\n<p>Em Macei\u00f3, v\u00e1rias institui\u00e7\u00f5es de ensino privado foram denunciadas ao sindicato e este, por sua vez, enviou \u00e0 Superintend\u00eancia de Prote\u00e7\u00e3o e Defesa do Consumidor (Procon), em fevereiro desse ano, um of\u00edcio onde solicita em car\u00e1ter de urg\u00eancia que o \u00f3rg\u00e3o realize fiscaliza\u00e7\u00e3o em todas elas, que na busca por aumentar seus lucros, v\u00eam lotando suas salas e com isso diminuindo, substancialmente, a qualidade do ensino al\u00e9m de estarem colocando em risco a sa\u00fade do profissional docente. Rodrigo Cunha, superintendente do Procon, esclarece que a queixa \u00e9 procedente porque, de fato, a presta\u00e7\u00e3o do servi\u00e7o vem sendo prejudicada, mas que o aluno precisa manifestar seu inc\u00f4modo para que o \u00f3rg\u00e3o possa agir. \u201cEle (o aluno) \u00e9 o consumidor e precisa ser incentivado a nos procurar para que possamos intervir no cumprimento de seus direitos\u201d, esclarece.<\/p>\n<p>A parte alta da cidade, recebeu cerca de 05 estabelecimentos de ensino nos \u00faltimos anos e em praticamente todos, h\u00e1 registros de reclama\u00e7\u00f5es feitas ao Sinpro-AL, que afirma ser isso a mercantiliza\u00e7\u00e3o da educa\u00e7\u00e3o, que a depender do envolvimento que se tem com ela, o foco pode ser como \u00e1gua e azeite. Para o aluno, ainda \u00e9 a busca por conhecimento e boas op\u00e7\u00f5es de futuro que o motivam, para as faculdades, abriu-se um novo mercado diretamente atrelado ao capital e \u00e0 busca por lucros. \u201cTem faculdade em Macei\u00f3 mantida com fundos da Ambev. Quem investe na bolsa de a\u00e7\u00f5es n\u00e3o o faz para receber retorno em educa\u00e7\u00e3o\u201d, revela o diretor.<\/p>\n<p>&nbsp;<\/p>\n","protected":false},"excerpt":{"rendered":"<p>&nbsp; Superlota\u00e7\u00e3o em sala de aula &nbsp; Por Bianca Ferraz- CadaMinuto Press N\u00e3o h\u00e1 professor capaz de discordar que a superlota\u00e7\u00e3o em sala de aula reflete diretamente na baixa qualidade da aprendizagem, visto que impossibilita qualquer atividade personalizada, principalmente em rela\u00e7\u00e3o aos alunos que tenham algum tipo de dificuldade e que, por isso,\u00a0\u00a0precisam de acompanhamento. [&hellip;]<\/p>\n","protected":false},"author":2,"featured_media":0,"comment_status":"open","ping_status":"open","sticky":false,"template":"","format":"standard","meta":{"footnotes":""},"categories":[1],"tags":[],"class_list":["post-253","post","type-post","status-publish","format-standard","hentry","category-sem-categoria"],"_links":{"self":[{"href":"http:\/\/sinpro-al.com.br\/v2\/index.php?rest_route=\/wp\/v2\/posts\/253","targetHints":{"allow":["GET"]}}],"collection":[{"href":"http:\/\/sinpro-al.com.br\/v2\/index.php?rest_route=\/wp\/v2\/posts"}],"about":[{"href":"http:\/\/sinpro-al.com.br\/v2\/index.php?rest_route=\/wp\/v2\/types\/post"}],"author":[{"embeddable":true,"href":"http:\/\/sinpro-al.com.br\/v2\/index.php?rest_route=\/wp\/v2\/users\/2"}],"replies":[{"embeddable":true,"href":"http:\/\/sinpro-al.com.br\/v2\/index.php?rest_route=%2Fwp%2Fv2%2Fcomments&post=253"}],"version-history":[{"count":1,"href":"http:\/\/sinpro-al.com.br\/v2\/index.php?rest_route=\/wp\/v2\/posts\/253\/revisions"}],"predecessor-version":[{"id":255,"href":"http:\/\/sinpro-al.com.br\/v2\/index.php?rest_route=\/wp\/v2\/posts\/253\/revisions\/255"}],"wp:attachment":[{"href":"http:\/\/sinpro-al.com.br\/v2\/index.php?rest_route=%2Fwp%2Fv2%2Fmedia&parent=253"}],"wp:term":[{"taxonomy":"category","embeddable":true,"href":"http:\/\/sinpro-al.com.br\/v2\/index.php?rest_route=%2Fwp%2Fv2%2Fcategories&post=253"},{"taxonomy":"post_tag","embeddable":true,"href":"http:\/\/sinpro-al.com.br\/v2\/index.php?rest_route=%2Fwp%2Fv2%2Ftags&post=253"}],"curies":[{"name":"wp","href":"https:\/\/api.w.org\/{rel}","templated":true}]}}