{"id":199,"date":"2014-02-13T11:28:08","date_gmt":"2014-02-13T14:28:08","guid":{"rendered":"http:\/\/sinpro-al.com.br\/v2\/?p=199"},"modified":"2014-02-18T23:56:52","modified_gmt":"2014-02-19T02:56:52","slug":"sinpro-alagoas-participa-do-i-seminario-da-educacao-privada-no-piaui","status":"publish","type":"post","link":"http:\/\/sinpro-al.com.br\/v2\/?p=199","title":{"rendered":"SINPRO ALAGOAS PARTICIPA DO I SEMIN\u00c1RIO DE EDUCA\u00c7\u00c3O PRIVADA NO PIAU\u00cd"},"content":{"rendered":"<p><a href=\"http:\/\/sinpro-al.com.br\/v2\/wp-content\/uploads\/2014\/02\/Sinpro-Piau\u00ed.jpg\"><img loading=\"lazy\" decoding=\"async\" class=\"alignnone size-thumbnail wp-image-200\" alt=\"Sinpro Piau\u00ed\" src=\"http:\/\/sinpro-al.com.br\/v2\/wp-content\/uploads\/2014\/02\/Sinpro-Piau\u00ed-150x150.jpg\" width=\"150\" height=\"150\" srcset=\"http:\/\/sinpro-al.com.br\/v2\/wp-content\/uploads\/2014\/02\/Sinpro-Piau\u00ed-150x150.jpg 150w, http:\/\/sinpro-al.com.br\/v2\/wp-content\/uploads\/2014\/02\/Sinpro-Piau\u00ed-300x300.jpg 300w, http:\/\/sinpro-al.com.br\/v2\/wp-content\/uploads\/2014\/02\/Sinpro-Piau\u00ed.jpg 480w\" sizes=\"auto, (max-width: 150px) 100vw, 150px\" \/><\/a><\/p>\n<p>Discutir a educa\u00e7\u00e3o privada foi o tema do I Semin\u00e1rio de Educa\u00e7\u00e3o Privada que aconteceu no Piau\u00ed.<\/p>\n<p>Teve inicio na noite de sexta-feira (07), o I Semin\u00e1rio da Educa\u00e7\u00e3o Privada que debateu a educa\u00e7\u00e3o nacional no \u00e2mbito do ensino privado. Esse \u00e9 foi um dos temas discutidos no Semin\u00e1rio, que re\u00faniu a classe trabalhadora para discutir os rumos da educa\u00e7\u00e3o privada.<\/p>\n<p>O encontro trouxe a classe trabalhadora dos professores e auxiliares administrativos para discutir importantes planos da educa\u00e7\u00e3o privada no Estado, temas importantes como atividades extraclasse, plano de carreira, terceiriza\u00e7\u00e3o, aposentadoria, entre outros, s\u00e3o temas debatidos pelos palestrantes Edson de Paula de Minas Gerais e presidente da FITEE, Eduardo Vasconcelos vice-presidente do SINPRO de Alagoas e Rog\u00e9rio Nunes Diretor de Pol\u00edticas Sociais da CTB do Cear\u00e1.<\/p>\n<p>Na palestra de abertura, Edson de Paula explanou um pouco da hist\u00f3ria de como surgiu \u00e0s escolas privadas no Brasil, e comparou como \u00e9 o atual processo de cria\u00e7\u00e3o das redes de ensino privado, em ambos os casos, Edson, coloca que o surgimento destas escolas surge exclusivamente visando o lucro comercial.<br \/>\nO Semin\u00e1rio seguiu at\u00e9s\u00e1bado (08)h no Audit\u00f3rio do Gran Hotel Arrey. Evento organizado pelo Sindicato dos Professores e Auxiliares da Administra\u00e7\u00e3o Escolar do Estado do Piau\u00ed \u2013 SINPRO com apoio da Federa\u00e7\u00e3o Interestadual dos Trabalhadores em Estabelecimentos de Ensino \u2013 FITEE e da Central dos Trabalhadores do Brasil \u2013 CTB.<\/p>\n<p>&nbsp;<\/p>\n<p>&nbsp;<\/p>\n<p>&nbsp;<\/p>\n","protected":false},"excerpt":{"rendered":"<p>Discutir a educa\u00e7\u00e3o privada foi o tema do I Semin\u00e1rio de Educa\u00e7\u00e3o Privada que aconteceu no Piau\u00ed. Teve inicio na noite de sexta-feira (07), o I Semin\u00e1rio da Educa\u00e7\u00e3o Privada que debateu a educa\u00e7\u00e3o nacional no \u00e2mbito do ensino privado. Esse \u00e9 foi um dos temas discutidos no Semin\u00e1rio, que re\u00faniu a classe trabalhadora para [&hellip;]<\/p>\n","protected":false},"author":2,"featured_media":0,"comment_status":"open","ping_status":"open","sticky":false,"template":"","format":"standard","meta":{"footnotes":""},"categories":[4,1],"tags":[],"class_list":["post-199","post","type-post","status-publish","format-standard","hentry","category-noticias-sinpro-al","category-sem-categoria"],"_links":{"self":[{"href":"http:\/\/sinpro-al.com.br\/v2\/index.php?rest_route=\/wp\/v2\/posts\/199","targetHints":{"allow":["GET"]}}],"collection":[{"href":"http:\/\/sinpro-al.com.br\/v2\/index.php?rest_route=\/wp\/v2\/posts"}],"about":[{"href":"http:\/\/sinpro-al.com.br\/v2\/index.php?rest_route=\/wp\/v2\/types\/post"}],"author":[{"embeddable":true,"href":"http:\/\/sinpro-al.com.br\/v2\/index.php?rest_route=\/wp\/v2\/users\/2"}],"replies":[{"embeddable":true,"href":"http:\/\/sinpro-al.com.br\/v2\/index.php?rest_route=%2Fwp%2Fv2%2Fcomments&post=199"}],"version-history":[{"count":5,"href":"http:\/\/sinpro-al.com.br\/v2\/index.php?rest_route=\/wp\/v2\/posts\/199\/revisions"}],"predecessor-version":[{"id":204,"href":"http:\/\/sinpro-al.com.br\/v2\/index.php?rest_route=\/wp\/v2\/posts\/199\/revisions\/204"}],"wp:attachment":[{"href":"http:\/\/sinpro-al.com.br\/v2\/index.php?rest_route=%2Fwp%2Fv2%2Fmedia&parent=199"}],"wp:term":[{"taxonomy":"category","embeddable":true,"href":"http:\/\/sinpro-al.com.br\/v2\/index.php?rest_route=%2Fwp%2Fv2%2Fcategories&post=199"},{"taxonomy":"post_tag","embeddable":true,"href":"http:\/\/sinpro-al.com.br\/v2\/index.php?rest_route=%2Fwp%2Fv2%2Ftags&post=199"}],"curies":[{"name":"wp","href":"https:\/\/api.w.org\/{rel}","templated":true}]}}