{"id":191,"date":"2014-02-04T23:27:35","date_gmt":"2014-02-05T02:27:35","guid":{"rendered":"http:\/\/sinpro-al.com.br\/v2\/?p=191"},"modified":"2014-02-04T23:28:17","modified_gmt":"2014-02-05T02:28:17","slug":"o-sinpro-alagoas-participa-de-audiencia-publica-na-assembleia-legislativa-do-estado-de-alagoas","status":"publish","type":"post","link":"http:\/\/sinpro-al.com.br\/v2\/?p=191","title":{"rendered":"O SINPRO ALAGOAS PARTICIPA DE SESS\u00c3O P\u00daBLICA NA ASSEMBLEIA LEGISLATIVA DO ESTADO DE ALAGOAS"},"content":{"rendered":"<p><a href=\"http:\/\/sinpro-al.com.br\/v2\/wp-content\/uploads\/2014\/02\/aSSEMBLEIA.jpg\"><img loading=\"lazy\" decoding=\"async\" class=\"alignnone size-medium wp-image-192\" alt=\"aSSEMBLEIA\" src=\"http:\/\/sinpro-al.com.br\/v2\/wp-content\/uploads\/2014\/02\/aSSEMBLEIA-300x130.jpg\" width=\"300\" height=\"130\" srcset=\"http:\/\/sinpro-al.com.br\/v2\/wp-content\/uploads\/2014\/02\/aSSEMBLEIA-300x130.jpg 300w, http:\/\/sinpro-al.com.br\/v2\/wp-content\/uploads\/2014\/02\/aSSEMBLEIA.jpg 960w\" sizes=\"auto, (max-width: 300px) 100vw, 300px\" \/><\/a><\/p>\n<p><a href=\"http:\/\/sinpro-al.com.br\/v2\/wp-content\/uploads\/2014\/02\/aSSEMBLEIA.jpg\">SINPRO ALAGOAS PARTICIPA DE SESS\u00c3O P\u00daBLICA NA ASSEMBLEIA LEGISLATIVA DO ESTADO DE ALAGOAS<\/a><\/p>\n<p>A Assembleia Legislativa realizou nessa segunda-feira, 23, uma sess\u00e3o p\u00fablica com o tema \u201cEduca\u00e7\u00e3o \u00e9 progresso, dever do Estado e direito de todos\u201d,\u00a0de autoria do deputado Ronaldo Medeiros (PT). O SINPRO ALAGOAS foi representado pelo diretor vice-presidente, Eduardo Vasconcelos. Em sua interven\u00e7\u00e3o, Eduardo Vasconcelos denunciou que \u00e9 cada vez maior o n\u00famero de educadores que est\u00e1 buscando outros caminhos profissionais.<!--more--><\/p>\n<p>Alguns motivos s\u00e3o o excesso de trabalho extraclasse e o ass\u00e9dio moral, problemas que interferem no desempenho, pois os profissionais da educa\u00e7\u00e3o come\u00e7am a se sentir desestimulados, cansados e adoecendo frequentemente. \u201cSe o col\u00e9gio vai bem, \u00e9 m\u00e9rito pr\u00f3prio. Se o resultado \u00e9 ruim, a responsabilidade \u00e9 do professor. Essa \u00e9 a l\u00f3gica nas escolas privadas em nosso estado\u201d, aus\u00eancia de investimento e baixo sal\u00e1rio desestimulam.<\/p>\n<p>Muitas vezes, al\u00e9m de enfrentar alunos mal-educados, com s\u00e9rios problemas familiares, os professores frequentemente se obrigam a engolir a atitude de propriet\u00e1rios com poucas habilidades no trato com seus funcion\u00e1rios.<\/p>\n<p>Mau humor, gritos, cobran\u00e7as, press\u00e3o. S\u00e3o esses os problemas que os educadores t\u00eam enfrentado em v\u00e1rias escolas da rede privada. \u201cAs escolas privadas, hoje, s\u00e3o empresas, querem resultados\u201d, mas investem pouco em pol\u00edticas de valoriza\u00e7\u00e3o de seus docentes.<\/p>\n<p>O resultado \u00e9 que cada vez h\u00e1 menos interessados em seguir a carreira de professor. \u201cNum grupo de jovens, \u00e9 raro algu\u00e9m dizer que seguir\u00e1 o magist\u00e9rio quando se pergunta qual a profiss\u00e3o que v\u00e3o escolher. Infelizmente nossa profiss\u00e3o j\u00e1 n\u00e3o \u00e9 t\u00e3o valorizada\u201d.<\/p>\n<p>&nbsp;<\/p>\n","protected":false},"excerpt":{"rendered":"<p>SINPRO ALAGOAS PARTICIPA DE SESS\u00c3O P\u00daBLICA NA ASSEMBLEIA LEGISLATIVA DO ESTADO DE ALAGOAS A Assembleia Legislativa realizou nessa segunda-feira, 23, uma sess\u00e3o p\u00fablica com o tema \u201cEduca\u00e7\u00e3o \u00e9 progresso, dever do Estado e direito de todos\u201d,\u00a0de autoria do deputado Ronaldo Medeiros (PT). O SINPRO ALAGOAS foi representado pelo diretor vice-presidente, Eduardo Vasconcelos. Em sua interven\u00e7\u00e3o, [&hellip;]<\/p>\n","protected":false},"author":2,"featured_media":0,"comment_status":"open","ping_status":"open","sticky":false,"template":"","format":"standard","meta":{"footnotes":""},"categories":[1],"tags":[],"class_list":["post-191","post","type-post","status-publish","format-standard","hentry","category-sem-categoria"],"_links":{"self":[{"href":"http:\/\/sinpro-al.com.br\/v2\/index.php?rest_route=\/wp\/v2\/posts\/191","targetHints":{"allow":["GET"]}}],"collection":[{"href":"http:\/\/sinpro-al.com.br\/v2\/index.php?rest_route=\/wp\/v2\/posts"}],"about":[{"href":"http:\/\/sinpro-al.com.br\/v2\/index.php?rest_route=\/wp\/v2\/types\/post"}],"author":[{"embeddable":true,"href":"http:\/\/sinpro-al.com.br\/v2\/index.php?rest_route=\/wp\/v2\/users\/2"}],"replies":[{"embeddable":true,"href":"http:\/\/sinpro-al.com.br\/v2\/index.php?rest_route=%2Fwp%2Fv2%2Fcomments&post=191"}],"version-history":[{"count":2,"href":"http:\/\/sinpro-al.com.br\/v2\/index.php?rest_route=\/wp\/v2\/posts\/191\/revisions"}],"predecessor-version":[{"id":194,"href":"http:\/\/sinpro-al.com.br\/v2\/index.php?rest_route=\/wp\/v2\/posts\/191\/revisions\/194"}],"wp:attachment":[{"href":"http:\/\/sinpro-al.com.br\/v2\/index.php?rest_route=%2Fwp%2Fv2%2Fmedia&parent=191"}],"wp:term":[{"taxonomy":"category","embeddable":true,"href":"http:\/\/sinpro-al.com.br\/v2\/index.php?rest_route=%2Fwp%2Fv2%2Fcategories&post=191"},{"taxonomy":"post_tag","embeddable":true,"href":"http:\/\/sinpro-al.com.br\/v2\/index.php?rest_route=%2Fwp%2Fv2%2Ftags&post=191"}],"curies":[{"name":"wp","href":"https:\/\/api.w.org\/{rel}","templated":true}]}}