{"id":1798,"date":"2015-12-07T11:59:42","date_gmt":"2015-12-07T14:59:42","guid":{"rendered":"http:\/\/sinpro-al.com.br\/v2\/?p=1798"},"modified":"2015-12-07T14:12:26","modified_gmt":"2015-12-07T17:12:26","slug":"feriado-sinproal-nao-funcionara-terca-feira-812","status":"publish","type":"post","link":"http:\/\/sinpro-al.com.br\/v2\/?p=1798","title":{"rendered":"Feriado: Sinpro\/AL n\u00e3o funciona ter\u00e7a-feira, 8\/12"},"content":{"rendered":"<div id=\"attachment_866\" style=\"width: 347px\" class=\"wp-caption alignleft\"><a href=\"http:\/\/sinpro-al.com.br\/v2\/wp-content\/uploads\/2015\/06\/feriado.jpg\"><img loading=\"lazy\" decoding=\"async\" aria-describedby=\"caption-attachment-866\" class=\"wp-image-866\" src=\"http:\/\/sinpro-al.com.br\/v2\/wp-content\/uploads\/2015\/06\/feriado-300x64.jpg\" alt=\"feriado\" width=\"337\" height=\"72\" srcset=\"http:\/\/sinpro-al.com.br\/v2\/wp-content\/uploads\/2015\/06\/feriado-300x64.jpg 300w, http:\/\/sinpro-al.com.br\/v2\/wp-content\/uploads\/2015\/06\/feriado.jpg 921w\" sizes=\"auto, (max-width: 337px) 100vw, 337px\" \/><\/a><p id=\"caption-attachment-866\" class=\"wp-caption-text\">Clique para ampliar a imagem<\/p><\/div>\n<p>O Sindicato dos Professores de Alagoas (Sinpro\/AL) comunica que em fun\u00e7\u00e3o do feriado dessa ter\u00e7a-feira, 8\/12, em comemora\u00e7\u00e3o ao Dia de Nossa Senhora da Concei\u00e7\u00e3o, suas atividades ser\u00e3o suspensas, voltando \u00e0 normalidade na quarta-feira, 9\/12, em hor\u00e1rio convencional de 9h \u00e0s 15h.<\/p>\n<p>Desde j\u00e1 a diretoria do Sinpro\/AL agradece a compreens\u00e3o de todos os professores sindicalizados.<\/p>\n<p>Somos professores com orgulho e exigimos respeito!<\/p>\n<p>&nbsp;<\/p>\n","protected":false},"excerpt":{"rendered":"<p>O Sindicato dos Professores de Alagoas (Sinpro\/AL) comunica que em fun\u00e7\u00e3o do feriado dessa ter\u00e7a-feira, 8\/12, em comemora\u00e7\u00e3o ao Dia de Nossa Senhora da Concei\u00e7\u00e3o, suas atividades ser\u00e3o suspensas, voltando \u00e0 normalidade na quarta-feira, 9\/12, em hor\u00e1rio convencional de 9h \u00e0s 15h. Desde j\u00e1 a diretoria do Sinpro\/AL agradece a compreens\u00e3o de todos os professores [&hellip;]<\/p>\n","protected":false},"author":4,"featured_media":1799,"comment_status":"open","ping_status":"open","sticky":false,"template":"","format":"standard","meta":{"footnotes":""},"categories":[4],"tags":[],"class_list":["post-1798","post","type-post","status-publish","format-standard","has-post-thumbnail","hentry","category-noticias-sinpro-al"],"_links":{"self":[{"href":"http:\/\/sinpro-al.com.br\/v2\/index.php?rest_route=\/wp\/v2\/posts\/1798","targetHints":{"allow":["GET"]}}],"collection":[{"href":"http:\/\/sinpro-al.com.br\/v2\/index.php?rest_route=\/wp\/v2\/posts"}],"about":[{"href":"http:\/\/sinpro-al.com.br\/v2\/index.php?rest_route=\/wp\/v2\/types\/post"}],"author":[{"embeddable":true,"href":"http:\/\/sinpro-al.com.br\/v2\/index.php?rest_route=\/wp\/v2\/users\/4"}],"replies":[{"embeddable":true,"href":"http:\/\/sinpro-al.com.br\/v2\/index.php?rest_route=%2Fwp%2Fv2%2Fcomments&post=1798"}],"version-history":[{"count":3,"href":"http:\/\/sinpro-al.com.br\/v2\/index.php?rest_route=\/wp\/v2\/posts\/1798\/revisions"}],"predecessor-version":[{"id":1802,"href":"http:\/\/sinpro-al.com.br\/v2\/index.php?rest_route=\/wp\/v2\/posts\/1798\/revisions\/1802"}],"wp:featuredmedia":[{"embeddable":true,"href":"http:\/\/sinpro-al.com.br\/v2\/index.php?rest_route=\/wp\/v2\/media\/1799"}],"wp:attachment":[{"href":"http:\/\/sinpro-al.com.br\/v2\/index.php?rest_route=%2Fwp%2Fv2%2Fmedia&parent=1798"}],"wp:term":[{"taxonomy":"category","embeddable":true,"href":"http:\/\/sinpro-al.com.br\/v2\/index.php?rest_route=%2Fwp%2Fv2%2Fcategories&post=1798"},{"taxonomy":"post_tag","embeddable":true,"href":"http:\/\/sinpro-al.com.br\/v2\/index.php?rest_route=%2Fwp%2Fv2%2Ftags&post=1798"}],"curies":[{"name":"wp","href":"https:\/\/api.w.org\/{rel}","templated":true}]}}