{"id":1786,"date":"2015-12-07T13:34:25","date_gmt":"2015-12-07T16:34:25","guid":{"rendered":"http:\/\/sinpro-al.com.br\/v2\/?p=1786"},"modified":"2015-12-07T13:34:25","modified_gmt":"2015-12-07T16:34:25","slug":"sinproal-convoca-assembleia-geral-para-o-proximo-dia-1912","status":"publish","type":"post","link":"http:\/\/sinpro-al.com.br\/v2\/?p=1786","title":{"rendered":"Sinpro\/AL convoca assembleia geral para o pr\u00f3ximo dia 19\/12"},"content":{"rendered":"<div id=\"attachment_1787\" style=\"width: 355px\" class=\"wp-caption alignleft\"><a href=\"http:\/\/sinpro-al.com.br\/v2\/wp-content\/uploads\/2015\/12\/assembleia.jpg\"><img loading=\"lazy\" decoding=\"async\" aria-describedby=\"caption-attachment-1787\" class=\"wp-image-1787\" src=\"http:\/\/sinpro-al.com.br\/v2\/wp-content\/uploads\/2015\/12\/assembleia-300x167.jpg\" alt=\"assembleia\" width=\"345\" height=\"192\" srcset=\"http:\/\/sinpro-al.com.br\/v2\/wp-content\/uploads\/2015\/12\/assembleia-300x167.jpg 300w, http:\/\/sinpro-al.com.br\/v2\/wp-content\/uploads\/2015\/12\/assembleia.jpg 706w\" sizes=\"auto, (max-width: 345px) 100vw, 345px\" \/><\/a><p id=\"caption-attachment-1787\" class=\"wp-caption-text\">Clique para ampliar a imagem<\/p><\/div>\n<p>O Sindicato dos Professores de Alagoas (Sinpro\/AL) convoca uma assembleia geral para o pr\u00f3ximo dia, 19\/12, no audit\u00f3rio do Sindicato dos Banc\u00e1rios, na Rua Bar\u00e3o de Atalaia, n\u00b0 50, Centro, em Macei\u00f3, \u00a0\u00e0s 12h em primeira convoca\u00e7\u00e3o e \u00e0s 12h30 em segunda e \u00faltima convoca\u00e7\u00e3o.<\/p>\n<p>\u00c9 importante a participa\u00e7\u00e3o de todos os docentes para discutir a pauta do encontro: \u201cCampanha salarial 2016\u201d.<\/p>\n<p>Vale ressaltar que estar\u00e3o aptos a votar os professores sindicalizados e quites com suas atribui\u00e7\u00f5es estatuarias.<\/p>\n<p>A diretoria do Sinpro informa que a nova gest\u00e3o \u00e9 marcada pela democracia e que voc\u00ea professor ir\u00e1 decidir o futuro da categoria em assembleia. N\u00e3o deixe que os outros decidam por voc\u00ea; fa\u00e7a a diferen\u00e7a.<\/p>\n<p>Somos professores com orgulho e exigimos respeito!<\/p>\n<p>&nbsp;<\/p>\n<p>&nbsp;<\/p>\n","protected":false},"excerpt":{"rendered":"<p>O Sindicato dos Professores de Alagoas (Sinpro\/AL) convoca uma assembleia geral para o pr\u00f3ximo dia, 19\/12, no audit\u00f3rio do Sindicato dos Banc\u00e1rios, na Rua Bar\u00e3o de Atalaia, n\u00b0 50, Centro, em Macei\u00f3, \u00a0\u00e0s 12h em primeira convoca\u00e7\u00e3o e \u00e0s 12h30 em segunda e \u00faltima convoca\u00e7\u00e3o. \u00c9 importante a participa\u00e7\u00e3o de todos os docentes para discutir [&hellip;]<\/p>\n","protected":false},"author":4,"featured_media":1787,"comment_status":"open","ping_status":"open","sticky":false,"template":"","format":"standard","meta":{"footnotes":""},"categories":[4],"tags":[],"class_list":["post-1786","post","type-post","status-publish","format-standard","has-post-thumbnail","hentry","category-noticias-sinpro-al"],"_links":{"self":[{"href":"http:\/\/sinpro-al.com.br\/v2\/index.php?rest_route=\/wp\/v2\/posts\/1786","targetHints":{"allow":["GET"]}}],"collection":[{"href":"http:\/\/sinpro-al.com.br\/v2\/index.php?rest_route=\/wp\/v2\/posts"}],"about":[{"href":"http:\/\/sinpro-al.com.br\/v2\/index.php?rest_route=\/wp\/v2\/types\/post"}],"author":[{"embeddable":true,"href":"http:\/\/sinpro-al.com.br\/v2\/index.php?rest_route=\/wp\/v2\/users\/4"}],"replies":[{"embeddable":true,"href":"http:\/\/sinpro-al.com.br\/v2\/index.php?rest_route=%2Fwp%2Fv2%2Fcomments&post=1786"}],"version-history":[{"count":1,"href":"http:\/\/sinpro-al.com.br\/v2\/index.php?rest_route=\/wp\/v2\/posts\/1786\/revisions"}],"predecessor-version":[{"id":1788,"href":"http:\/\/sinpro-al.com.br\/v2\/index.php?rest_route=\/wp\/v2\/posts\/1786\/revisions\/1788"}],"wp:featuredmedia":[{"embeddable":true,"href":"http:\/\/sinpro-al.com.br\/v2\/index.php?rest_route=\/wp\/v2\/media\/1787"}],"wp:attachment":[{"href":"http:\/\/sinpro-al.com.br\/v2\/index.php?rest_route=%2Fwp%2Fv2%2Fmedia&parent=1786"}],"wp:term":[{"taxonomy":"category","embeddable":true,"href":"http:\/\/sinpro-al.com.br\/v2\/index.php?rest_route=%2Fwp%2Fv2%2Fcategories&post=1786"},{"taxonomy":"post_tag","embeddable":true,"href":"http:\/\/sinpro-al.com.br\/v2\/index.php?rest_route=%2Fwp%2Fv2%2Ftags&post=1786"}],"curies":[{"name":"wp","href":"https:\/\/api.w.org\/{rel}","templated":true}]}}