{"id":1779,"date":"2015-12-04T21:16:02","date_gmt":"2015-12-05T00:16:02","guid":{"rendered":"http:\/\/sinpro-al.com.br\/v2\/?p=1779"},"modified":"2015-12-04T21:31:16","modified_gmt":"2015-12-05T00:31:16","slug":"presidente-do-sinproal-e-entrevistado-por-pesquisadora-da-ufal","status":"publish","type":"post","link":"http:\/\/sinpro-al.com.br\/v2\/?p=1779","title":{"rendered":"Presidente do Sinpro\/AL \u00e9 entrevistado  por pesquisadora da Ufal"},"content":{"rendered":"<p>&nbsp;<\/p>\n<div id=\"attachment_1780\" style=\"width: 379px\" class=\"wp-caption alignleft\"><a href=\"http:\/\/sinpro-al.com.br\/v2\/wp-content\/uploads\/2015\/12\/geisa.jpg\"><img loading=\"lazy\" decoding=\"async\" aria-describedby=\"caption-attachment-1780\" class=\"wp-image-1780\" src=\"http:\/\/sinpro-al.com.br\/v2\/wp-content\/uploads\/2015\/12\/geisa-300x169.jpg\" alt=\"geisa\" width=\"369\" height=\"208\" srcset=\"http:\/\/sinpro-al.com.br\/v2\/wp-content\/uploads\/2015\/12\/geisa-300x169.jpg 300w, http:\/\/sinpro-al.com.br\/v2\/wp-content\/uploads\/2015\/12\/geisa-1024x576.jpg 1024w, http:\/\/sinpro-al.com.br\/v2\/wp-content\/uploads\/2015\/12\/geisa.jpg 1032w\" sizes=\"auto, (max-width: 369px) 100vw, 369px\" \/><\/a><p id=\"caption-attachment-1780\" class=\"wp-caption-text\">Geisa Carla e Eduardo Vasconcelos durante entrevista na sede do Sinpr0\/AL, em Macei\u00f3<\/p><\/div>\n<p>O presidente do Sindicato dos Professores de Alagoas (Sinpro\/AL), Eduardo Vasconcelos, foi entrevistado pela pesquisadora do Programa de P\u00f3s-Gradua\u00e7\u00e3o da Ufal, a mestranda Geisa Carla Gon\u00e7alves Ferreira, que tratou do tema: \u201cPrecariza\u00e7\u00e3o do Trabalho Docente em Alagoas: um estudo sobre os efeitos das pol\u00edticas educacionais\u201d.<\/p>\n<p>Na oportunidade, a mestranda orientada pela professora doutora, Elione Maria Nogueira Di\u00f3genes, questionou sobre os seguintes temas: \u201ca precariza\u00e7\u00e3o do trabalho do docente em Alagoas?\u201d, \u201cquais os sintomas que os docentes apresentam no contexto da precariza\u00e7\u00e3o?\u201d, \u201ccomo voc\u00ea analisa a situa\u00e7\u00e3o do docente de Alagoas e a educa\u00e7\u00e3o p\u00fablica do Estado?\u201d e por fim, \u201ccomo as pol\u00edticas advindas da secretaria estadual de educa\u00e7\u00e3o impactam o trabalho docente?\u201d.<\/p>\n<p>Eduardo falou, em linhas gerais, da falta de investimentos do setor p\u00fablico na educa\u00e7\u00e3o, sua defesa e do Sinpro\/AL, por uma educa\u00e7\u00e3o p\u00fablica gratuita e de qualidade para todos.<\/p>\n<p>O presidente da entidade classista parabenizou a pesquisa de campo, um trabalho de investiga\u00e7\u00e3o, que lapida a realidade da educa\u00e7\u00e3o alagoana e o trabalho desenvolvido pela estudante Geisa Carla e sua orientadora, Elione Di\u00f3genes.<\/p>\n<p>Somos professores com orgulho e exigimos respeito!<\/p>\n<p>*Mais detalhes sobre os questionamentos ao presidente do Sinpro\/AL n\u00e3o p\u00f4de ser explanado por se tratar de um trabalho exclusivo acad\u00eamico, que em breve deve ser defendido na Universidade Federal de Alagoas.<\/p>\n","protected":false},"excerpt":{"rendered":"<p>&nbsp; O presidente do Sindicato dos Professores de Alagoas (Sinpro\/AL), Eduardo Vasconcelos, foi entrevistado pela pesquisadora do Programa de P\u00f3s-Gradua\u00e7\u00e3o da Ufal, a mestranda Geisa Carla Gon\u00e7alves Ferreira, que tratou do tema: \u201cPrecariza\u00e7\u00e3o do Trabalho Docente em Alagoas: um estudo sobre os efeitos das pol\u00edticas educacionais\u201d. Na oportunidade, a mestranda orientada pela professora doutora, Elione [&hellip;]<\/p>\n","protected":false},"author":4,"featured_media":1780,"comment_status":"open","ping_status":"open","sticky":false,"template":"","format":"standard","meta":{"footnotes":""},"categories":[13],"tags":[],"class_list":["post-1779","post","type-post","status-publish","format-standard","has-post-thumbnail","hentry","category-educacao"],"_links":{"self":[{"href":"http:\/\/sinpro-al.com.br\/v2\/index.php?rest_route=\/wp\/v2\/posts\/1779","targetHints":{"allow":["GET"]}}],"collection":[{"href":"http:\/\/sinpro-al.com.br\/v2\/index.php?rest_route=\/wp\/v2\/posts"}],"about":[{"href":"http:\/\/sinpro-al.com.br\/v2\/index.php?rest_route=\/wp\/v2\/types\/post"}],"author":[{"embeddable":true,"href":"http:\/\/sinpro-al.com.br\/v2\/index.php?rest_route=\/wp\/v2\/users\/4"}],"replies":[{"embeddable":true,"href":"http:\/\/sinpro-al.com.br\/v2\/index.php?rest_route=%2Fwp%2Fv2%2Fcomments&post=1779"}],"version-history":[{"count":2,"href":"http:\/\/sinpro-al.com.br\/v2\/index.php?rest_route=\/wp\/v2\/posts\/1779\/revisions"}],"predecessor-version":[{"id":1785,"href":"http:\/\/sinpro-al.com.br\/v2\/index.php?rest_route=\/wp\/v2\/posts\/1779\/revisions\/1785"}],"wp:featuredmedia":[{"embeddable":true,"href":"http:\/\/sinpro-al.com.br\/v2\/index.php?rest_route=\/wp\/v2\/media\/1780"}],"wp:attachment":[{"href":"http:\/\/sinpro-al.com.br\/v2\/index.php?rest_route=%2Fwp%2Fv2%2Fmedia&parent=1779"}],"wp:term":[{"taxonomy":"category","embeddable":true,"href":"http:\/\/sinpro-al.com.br\/v2\/index.php?rest_route=%2Fwp%2Fv2%2Fcategories&post=1779"},{"taxonomy":"post_tag","embeddable":true,"href":"http:\/\/sinpro-al.com.br\/v2\/index.php?rest_route=%2Fwp%2Fv2%2Ftags&post=1779"}],"curies":[{"name":"wp","href":"https:\/\/api.w.org\/{rel}","templated":true}]}}