{"id":1769,"date":"2015-12-03T13:20:52","date_gmt":"2015-12-03T16:20:52","guid":{"rendered":"http:\/\/sinpro-al.com.br\/v2\/?p=1769"},"modified":"2015-12-03T13:20:52","modified_gmt":"2015-12-03T16:20:52","slug":"professor-sindicalizado-a-vt-viagens-e-turismo-tem-pacote-especiais-para-o-carnaval-em-olinda","status":"publish","type":"post","link":"http:\/\/sinpro-al.com.br\/v2\/?p=1769","title":{"rendered":"Professor sindicalizado, a VT Viagens e Turismo tem pacote especiais para o carnaval em Olinda"},"content":{"rendered":"<div id=\"attachment_1770\" style=\"width: 240px\" class=\"wp-caption alignleft\"><a href=\"http:\/\/sinpro-al.com.br\/v2\/wp-content\/uploads\/2015\/12\/Excurs\u00f5es-SINPRO-CARNAVAL-2016.jpg\"><img loading=\"lazy\" decoding=\"async\" aria-describedby=\"caption-attachment-1770\" class=\"wp-image-1770 size-medium\" src=\"http:\/\/sinpro-al.com.br\/v2\/wp-content\/uploads\/2015\/12\/Excurs\u00f5es-SINPRO-CARNAVAL-2016-230x300.jpg\" alt=\"Excurs\u00f5es SINPRO CARNAVAL 2016\" width=\"230\" height=\"300\" srcset=\"http:\/\/sinpro-al.com.br\/v2\/wp-content\/uploads\/2015\/12\/Excurs\u00f5es-SINPRO-CARNAVAL-2016-230x300.jpg 230w, http:\/\/sinpro-al.com.br\/v2\/wp-content\/uploads\/2015\/12\/Excurs\u00f5es-SINPRO-CARNAVAL-2016-784x1024.jpg 784w\" sizes=\"auto, (max-width: 230px) 100vw, 230px\" \/><\/a><p id=\"caption-attachment-1770\" class=\"wp-caption-text\">Clique para ampliar a imagem<\/p><\/div>\n<p>O Sindicato dos Professores de Alagoas fechou mais uma parceria, dessa vez, com a VT Viagens e Turismo que est\u00e1 ofertando pre\u00e7os especiais em pacotes de carnaval para Olinda. O professor sindicalizado tem at\u00e9 10% de desconto na aquisi\u00e7\u00e3o do roteiro carnavalesco.<\/p>\n<p>Para mais informa\u00e7\u00e3o entre em contato com Luciano \u00c1vila (3313-9823\/9.9902-0551\/9.8809-9982) ou acesse:\u00a0<a href=\"http:\/\/www.vetviagenseturismo.com\/\">www.vetviagenseturismo.com<\/a>.<\/p>\n","protected":false},"excerpt":{"rendered":"<p>O Sindicato dos Professores de Alagoas fechou mais uma parceria, dessa vez, com a VT Viagens e Turismo que est\u00e1 ofertando pre\u00e7os especiais em pacotes de carnaval para Olinda. O professor sindicalizado tem at\u00e9 10% de desconto na aquisi\u00e7\u00e3o do roteiro carnavalesco. Para mais informa\u00e7\u00e3o entre em contato com Luciano \u00c1vila (3313-9823\/9.9902-0551\/9.8809-9982) ou acesse:\u00a0www.vetviagenseturismo.com.<\/p>\n","protected":false},"author":4,"featured_media":1770,"comment_status":"open","ping_status":"open","sticky":false,"template":"","format":"standard","meta":{"footnotes":""},"categories":[4],"tags":[],"class_list":["post-1769","post","type-post","status-publish","format-standard","has-post-thumbnail","hentry","category-noticias-sinpro-al"],"_links":{"self":[{"href":"http:\/\/sinpro-al.com.br\/v2\/index.php?rest_route=\/wp\/v2\/posts\/1769","targetHints":{"allow":["GET"]}}],"collection":[{"href":"http:\/\/sinpro-al.com.br\/v2\/index.php?rest_route=\/wp\/v2\/posts"}],"about":[{"href":"http:\/\/sinpro-al.com.br\/v2\/index.php?rest_route=\/wp\/v2\/types\/post"}],"author":[{"embeddable":true,"href":"http:\/\/sinpro-al.com.br\/v2\/index.php?rest_route=\/wp\/v2\/users\/4"}],"replies":[{"embeddable":true,"href":"http:\/\/sinpro-al.com.br\/v2\/index.php?rest_route=%2Fwp%2Fv2%2Fcomments&post=1769"}],"version-history":[{"count":1,"href":"http:\/\/sinpro-al.com.br\/v2\/index.php?rest_route=\/wp\/v2\/posts\/1769\/revisions"}],"predecessor-version":[{"id":1771,"href":"http:\/\/sinpro-al.com.br\/v2\/index.php?rest_route=\/wp\/v2\/posts\/1769\/revisions\/1771"}],"wp:featuredmedia":[{"embeddable":true,"href":"http:\/\/sinpro-al.com.br\/v2\/index.php?rest_route=\/wp\/v2\/media\/1770"}],"wp:attachment":[{"href":"http:\/\/sinpro-al.com.br\/v2\/index.php?rest_route=%2Fwp%2Fv2%2Fmedia&parent=1769"}],"wp:term":[{"taxonomy":"category","embeddable":true,"href":"http:\/\/sinpro-al.com.br\/v2\/index.php?rest_route=%2Fwp%2Fv2%2Fcategories&post=1769"},{"taxonomy":"post_tag","embeddable":true,"href":"http:\/\/sinpro-al.com.br\/v2\/index.php?rest_route=%2Fwp%2Fv2%2Ftags&post=1769"}],"curies":[{"name":"wp","href":"https:\/\/api.w.org\/{rel}","templated":true}]}}