{"id":1765,"date":"2015-12-02T13:20:52","date_gmt":"2015-12-02T16:20:52","guid":{"rendered":"http:\/\/sinpro-al.com.br\/v2\/?p=1765"},"modified":"2015-12-02T13:20:52","modified_gmt":"2015-12-02T16:20:52","slug":"contee-promove-encontro-de-negociadores-em-janeiro-de-2016","status":"publish","type":"post","link":"http:\/\/sinpro-al.com.br\/v2\/?p=1765","title":{"rendered":"Contee promove Encontro de Negociadores em janeiro de 2016"},"content":{"rendered":"<p><strong><span style=\"text-decoration: underline;\"><a href=\"http:\/\/sinpro-al.com.br\/v2\/wp-content\/uploads\/2015\/12\/ilustracao.jpg\"><img loading=\"lazy\" decoding=\"async\" class=\"alignleft  wp-image-1766\" src=\"http:\/\/sinpro-al.com.br\/v2\/wp-content\/uploads\/2015\/12\/ilustracao-300x143.jpg\" alt=\"ilustracao\" width=\"340\" height=\"162\" srcset=\"http:\/\/sinpro-al.com.br\/v2\/wp-content\/uploads\/2015\/12\/ilustracao-300x143.jpg 300w, http:\/\/sinpro-al.com.br\/v2\/wp-content\/uploads\/2015\/12\/ilustracao.jpg 610w\" sizes=\"auto, (max-width: 340px) 100vw, 340px\" \/><\/a><\/span><\/strong>Durante a \u00faltima reuni\u00e3o da Diretoria Plena Ampliada da Contee, onde os representes do Sindicato dos Professores de Alagoas (Sinpro\/AL) estiveram presentes, Eduardo Vasconcelos e Marcelo Porto, foram discutidos assuntos referentes \u00e0s campanhas salariais e como fazer frente numa situa\u00e7\u00e3o de adversidade. A partir desta discuss\u00e3o, foi aprovada a realiza\u00e7\u00e3o do Encontro de Negociadores das entidades filiadas \u00e0 Confedera\u00e7\u00e3o. O evento ser\u00e1 no dia 28 de janeiro de 2016 no\u00a0Sinpro-SP (R. Borges Lagoa, 208 \u2013 Vila Clementino, S\u00e3o Paulo \u2013 SP), das 10h \u00e0s 17h.<\/p>\n<p>O Encontro de Negociadores ser\u00e1 organizado pela Coordena\u00e7\u00e3o de Secretaria de Finan\u00e7as e pela Coordena\u00e7\u00e3o da Secretaria de Comunica\u00e7\u00e3o Social.<\/p>\n<p>Para que seja poss\u00edvel a melhor organiza\u00e7\u00e3o da atividade, a Contee enviou circular com questionamentos sobre o processo que antecede as negocia\u00e7\u00f5es.<\/p>\n<p>&nbsp;<\/p>\n","protected":false},"excerpt":{"rendered":"<p>Durante a \u00faltima reuni\u00e3o da Diretoria Plena Ampliada da Contee, onde os representes do Sindicato dos Professores de Alagoas (Sinpro\/AL) estiveram presentes, Eduardo Vasconcelos e Marcelo Porto, foram discutidos assuntos referentes \u00e0s campanhas salariais e como fazer frente numa situa\u00e7\u00e3o de adversidade. A partir desta discuss\u00e3o, foi aprovada a realiza\u00e7\u00e3o do Encontro de Negociadores das [&hellip;]<\/p>\n","protected":false},"author":4,"featured_media":1766,"comment_status":"open","ping_status":"open","sticky":false,"template":"","format":"standard","meta":{"footnotes":""},"categories":[4],"tags":[],"class_list":["post-1765","post","type-post","status-publish","format-standard","has-post-thumbnail","hentry","category-noticias-sinpro-al"],"_links":{"self":[{"href":"http:\/\/sinpro-al.com.br\/v2\/index.php?rest_route=\/wp\/v2\/posts\/1765","targetHints":{"allow":["GET"]}}],"collection":[{"href":"http:\/\/sinpro-al.com.br\/v2\/index.php?rest_route=\/wp\/v2\/posts"}],"about":[{"href":"http:\/\/sinpro-al.com.br\/v2\/index.php?rest_route=\/wp\/v2\/types\/post"}],"author":[{"embeddable":true,"href":"http:\/\/sinpro-al.com.br\/v2\/index.php?rest_route=\/wp\/v2\/users\/4"}],"replies":[{"embeddable":true,"href":"http:\/\/sinpro-al.com.br\/v2\/index.php?rest_route=%2Fwp%2Fv2%2Fcomments&post=1765"}],"version-history":[{"count":1,"href":"http:\/\/sinpro-al.com.br\/v2\/index.php?rest_route=\/wp\/v2\/posts\/1765\/revisions"}],"predecessor-version":[{"id":1767,"href":"http:\/\/sinpro-al.com.br\/v2\/index.php?rest_route=\/wp\/v2\/posts\/1765\/revisions\/1767"}],"wp:featuredmedia":[{"embeddable":true,"href":"http:\/\/sinpro-al.com.br\/v2\/index.php?rest_route=\/wp\/v2\/media\/1766"}],"wp:attachment":[{"href":"http:\/\/sinpro-al.com.br\/v2\/index.php?rest_route=%2Fwp%2Fv2%2Fmedia&parent=1765"}],"wp:term":[{"taxonomy":"category","embeddable":true,"href":"http:\/\/sinpro-al.com.br\/v2\/index.php?rest_route=%2Fwp%2Fv2%2Fcategories&post=1765"},{"taxonomy":"post_tag","embeddable":true,"href":"http:\/\/sinpro-al.com.br\/v2\/index.php?rest_route=%2Fwp%2Fv2%2Ftags&post=1765"}],"curies":[{"name":"wp","href":"https:\/\/api.w.org\/{rel}","templated":true}]}}