{"id":1760,"date":"2015-12-01T16:47:50","date_gmt":"2015-12-01T19:47:50","guid":{"rendered":"http:\/\/sinpro-al.com.br\/v2\/?p=1760"},"modified":"2015-12-01T16:51:54","modified_gmt":"2015-12-01T19:51:54","slug":"sinproal-participa-de-reuniao-ampliada-da-diretoria-plena-da-contee","status":"publish","type":"post","link":"http:\/\/sinpro-al.com.br\/v2\/?p=1760","title":{"rendered":"Sinpro\/AL participa de reuni\u00e3o ampliada da Diretoria Plena da Contee"},"content":{"rendered":"<div style=\"width: 417px\" class=\"wp-caption alignleft\"><img loading=\"lazy\" decoding=\"async\" src=\"http:\/\/contee.org.br\/contee\/wp-content\/uploads\/2013\/03\/logo-25-anos.png\" alt=\"CONTEE \u2013 Confedera\u00e7\u00e3o Nacional dos Trabalhadores em Estabelecimentos de Ensino\" width=\"407\" height=\"159\" \/><p class=\"wp-caption-text\">Clique para ampliar a imagem<\/p><\/div>\n<p>A reuni\u00e3o ampliada da Diretoria Plena da Contee realizada em Bras\u00edlia contou com a presen\u00e7a dos representantes do Sindicato dos Professores de Alagoas (Sinpro\/AL), Marcelo Porto e Eduardo Vasconcelos. O encontro iniciou-se com uma detalhada an\u00e1lise de conjuntura, onde foram destacadas as a\u00e7\u00f5es do capital, que visa t\u00e3o somente a acumula\u00e7\u00e3o de riquezas e a explora\u00e7\u00e3o dos trabalhadores.<\/p>\n<p>Frente a essa realidade, foram analisados diversos aspectos conjunturais e da pol\u00edtica econ\u00f4mica, e as a\u00e7\u00f5es que a Confedera\u00e7\u00e3o dever\u00e1 adotar para fortalecer a luta fundamental de enfrentamento aos retrocessos e tentativas de retirada de direitos.<\/p>\n<p>V\u00e1rias foram as interven\u00e7\u00f5es que colaboraram para a constru\u00e7\u00e3o das seguintes delibera\u00e7\u00f5es: ampliar o contato com os parlamentares nas bases para reverter as tentativas de retrocesso nos mais variados pontos e que as entidades tamb\u00e9m fortale\u00e7am o contato junto aos deputados para reverterem os votos no 2 turno de vota\u00e7\u00e3o referente \u00e0\u00a0PEC 395\u00a0da\u00a0gratuidade nas universidades federais.<\/p>\n<p>Outro ponto destacado foi referente \u00e0s campanhas salariais e como fazer frente numa situa\u00e7\u00e3o de adversidade, e assim foi aprovado a realiza\u00e7\u00e3o de um encontro de negociadores a ser realizada no dia 28 de janeiro de 2016. A prepara\u00e7\u00e3o do referido encontro ser\u00e1 realizado pela Coordena\u00e7\u00e3o de Secretaria de Finan\u00e7as e pela Coordena\u00e7\u00e3o da Secretaria de Comunica\u00e7\u00e3o Social.<\/p>\n<p>Foram aprovadas a realiza\u00e7\u00e3o de uma reuni\u00e3o da Diretoria Plena Ampliada para os dias 26 e 27 de fevereiro de 2016 e a participa\u00e7\u00e3o da Contee nos f\u00f3runs que tratam das quest\u00f5es ambientais, onde j\u00e1 participam as centrais.<\/p>\n<p>O presidente do Sinpro\/AL, Eduardo Vasconcelos, destacou que essa troca de experi\u00eancias e a viv\u00eancia com outras realidades servem para o avan\u00e7o de cada entidade classista que participou, com seus representantes, do encontro nacional.<\/p>\n<p>&nbsp;<\/p>\n<p>&nbsp;<\/p>\n","protected":false},"excerpt":{"rendered":"<p>A reuni\u00e3o ampliada da Diretoria Plena da Contee realizada em Bras\u00edlia contou com a presen\u00e7a dos representantes do Sindicato dos Professores de Alagoas (Sinpro\/AL), Marcelo Porto e Eduardo Vasconcelos. O encontro iniciou-se com uma detalhada an\u00e1lise de conjuntura, onde foram destacadas as a\u00e7\u00f5es do capital, que visa t\u00e3o somente a acumula\u00e7\u00e3o de riquezas e a [&hellip;]<\/p>\n","protected":false},"author":4,"featured_media":1762,"comment_status":"open","ping_status":"open","sticky":false,"template":"","format":"standard","meta":{"footnotes":""},"categories":[4],"tags":[],"class_list":["post-1760","post","type-post","status-publish","format-standard","has-post-thumbnail","hentry","category-noticias-sinpro-al"],"_links":{"self":[{"href":"http:\/\/sinpro-al.com.br\/v2\/index.php?rest_route=\/wp\/v2\/posts\/1760","targetHints":{"allow":["GET"]}}],"collection":[{"href":"http:\/\/sinpro-al.com.br\/v2\/index.php?rest_route=\/wp\/v2\/posts"}],"about":[{"href":"http:\/\/sinpro-al.com.br\/v2\/index.php?rest_route=\/wp\/v2\/types\/post"}],"author":[{"embeddable":true,"href":"http:\/\/sinpro-al.com.br\/v2\/index.php?rest_route=\/wp\/v2\/users\/4"}],"replies":[{"embeddable":true,"href":"http:\/\/sinpro-al.com.br\/v2\/index.php?rest_route=%2Fwp%2Fv2%2Fcomments&post=1760"}],"version-history":[{"count":2,"href":"http:\/\/sinpro-al.com.br\/v2\/index.php?rest_route=\/wp\/v2\/posts\/1760\/revisions"}],"predecessor-version":[{"id":1763,"href":"http:\/\/sinpro-al.com.br\/v2\/index.php?rest_route=\/wp\/v2\/posts\/1760\/revisions\/1763"}],"wp:featuredmedia":[{"embeddable":true,"href":"http:\/\/sinpro-al.com.br\/v2\/index.php?rest_route=\/wp\/v2\/media\/1762"}],"wp:attachment":[{"href":"http:\/\/sinpro-al.com.br\/v2\/index.php?rest_route=%2Fwp%2Fv2%2Fmedia&parent=1760"}],"wp:term":[{"taxonomy":"category","embeddable":true,"href":"http:\/\/sinpro-al.com.br\/v2\/index.php?rest_route=%2Fwp%2Fv2%2Fcategories&post=1760"},{"taxonomy":"post_tag","embeddable":true,"href":"http:\/\/sinpro-al.com.br\/v2\/index.php?rest_route=%2Fwp%2Fv2%2Ftags&post=1760"}],"curies":[{"name":"wp","href":"https:\/\/api.w.org\/{rel}","templated":true}]}}