{"id":1752,"date":"2015-11-30T12:57:34","date_gmt":"2015-11-30T15:57:34","guid":{"rendered":"http:\/\/sinpro-al.com.br\/v2\/?p=1752"},"modified":"2015-11-30T13:02:50","modified_gmt":"2015-11-30T16:02:50","slug":"diretores-do-sinproal-prestigiaram-reinstalacao-do-ministerio-do-trabalho-e-emprego-em-uniao-dos-palmares","status":"publish","type":"post","link":"http:\/\/sinpro-al.com.br\/v2\/?p=1752","title":{"rendered":"Diretores do Sinpro\/AL prestigiaram reinstala\u00e7\u00e3o do Minist\u00e9rio do Trabalho e Emprego em Uni\u00e3o dos Palmares"},"content":{"rendered":"<div id=\"attachment_1753\" style=\"width: 270px\" class=\"wp-caption alignleft\"><img loading=\"lazy\" decoding=\"async\" aria-describedby=\"caption-attachment-1753\" class=\"wp-image-1753\" src=\"http:\/\/sinpro-al.com.br\/v2\/wp-content\/uploads\/2015\/11\/PicsArt_11-30-12.54.26-225x300.jpg\" alt=\"PicsArt_11-30-12.54.26\" width=\"260\" height=\"347\" srcset=\"http:\/\/sinpro-al.com.br\/v2\/wp-content\/uploads\/2015\/11\/PicsArt_11-30-12.54.26-225x300.jpg 225w, http:\/\/sinpro-al.com.br\/v2\/wp-content\/uploads\/2015\/11\/PicsArt_11-30-12.54.26-768x1024.jpg 768w, http:\/\/sinpro-al.com.br\/v2\/wp-content\/uploads\/2015\/11\/PicsArt_11-30-12.54.26.jpg 1536w\" sizes=\"auto, (max-width: 260px) 100vw, 260px\" \/><p id=\"caption-attachment-1753\" class=\"wp-caption-text\">Em Uni\u00e3o dos Palmares: Enaura, Israel Lessa e Cedrim<\/p><\/div>\n<p>Foi reinstalada a sede da Ag\u00eancia Regional do Trabalho em Emprego em Uni\u00e3o dos Palmares na \u00faltima sexta-feira. A convite do superintendente Regional do Trabalho e Emprego em Alagoas, Israel Lessa, o Sindicato dos Professores de Alagoas (Sinpro\/AL) se fez presente atrav\u00e9s dos diretores, Fernando Cedrim e Enaura Fernandes na solenidade.<\/p>\n<p>O Sinpro entende o papel fundamental do Minist\u00e9rio do Trabalho e Emprego e sua regionaliza\u00e7\u00e3o em defesa dos trabalhadores, em especial dos professores.<\/p>\n<p>Somos professores com orgulho e exigimos respeito!<\/p>\n<p><strong>Sobre o MTE<br \/>\n<\/strong><\/p>\n<p>Minist\u00e9rio do Trabalho e Emprego (MTE) \u00e9 \u00f3rg\u00e3o do governo federal que trata das pol\u00edticas e diretrizes para a gera\u00e7\u00e3o de emprego e renda e de apoio ao trabalhador; das pol\u00edticas e diretrizes para a moderniza\u00e7\u00e3o das rela\u00e7\u00f5es do trabalho; da fiscaliza\u00e7\u00e3o do trabalho, inclusive do trabalho portu\u00e1rio; da pol\u00edtica salarial; da forma\u00e7\u00e3o e desenvolvimento profissional; da seguran\u00e7a e sa\u00fade no trabalho; pol\u00edtica de imigra\u00e7\u00e3o e cooperativismo e associativismo urbanos.<\/p>\n","protected":false},"excerpt":{"rendered":"<p>Foi reinstalada a sede da Ag\u00eancia Regional do Trabalho em Emprego em Uni\u00e3o dos Palmares na \u00faltima sexta-feira. A convite do superintendente Regional do Trabalho e Emprego em Alagoas, Israel Lessa, o Sindicato dos Professores de Alagoas (Sinpro\/AL) se fez presente atrav\u00e9s dos diretores, Fernando Cedrim e Enaura Fernandes na solenidade. O Sinpro entende o [&hellip;]<\/p>\n","protected":false},"author":4,"featured_media":1753,"comment_status":"open","ping_status":"open","sticky":false,"template":"","format":"standard","meta":{"footnotes":""},"categories":[4],"tags":[],"class_list":["post-1752","post","type-post","status-publish","format-standard","has-post-thumbnail","hentry","category-noticias-sinpro-al"],"_links":{"self":[{"href":"http:\/\/sinpro-al.com.br\/v2\/index.php?rest_route=\/wp\/v2\/posts\/1752","targetHints":{"allow":["GET"]}}],"collection":[{"href":"http:\/\/sinpro-al.com.br\/v2\/index.php?rest_route=\/wp\/v2\/posts"}],"about":[{"href":"http:\/\/sinpro-al.com.br\/v2\/index.php?rest_route=\/wp\/v2\/types\/post"}],"author":[{"embeddable":true,"href":"http:\/\/sinpro-al.com.br\/v2\/index.php?rest_route=\/wp\/v2\/users\/4"}],"replies":[{"embeddable":true,"href":"http:\/\/sinpro-al.com.br\/v2\/index.php?rest_route=%2Fwp%2Fv2%2Fcomments&post=1752"}],"version-history":[{"count":2,"href":"http:\/\/sinpro-al.com.br\/v2\/index.php?rest_route=\/wp\/v2\/posts\/1752\/revisions"}],"predecessor-version":[{"id":1756,"href":"http:\/\/sinpro-al.com.br\/v2\/index.php?rest_route=\/wp\/v2\/posts\/1752\/revisions\/1756"}],"wp:featuredmedia":[{"embeddable":true,"href":"http:\/\/sinpro-al.com.br\/v2\/index.php?rest_route=\/wp\/v2\/media\/1753"}],"wp:attachment":[{"href":"http:\/\/sinpro-al.com.br\/v2\/index.php?rest_route=%2Fwp%2Fv2%2Fmedia&parent=1752"}],"wp:term":[{"taxonomy":"category","embeddable":true,"href":"http:\/\/sinpro-al.com.br\/v2\/index.php?rest_route=%2Fwp%2Fv2%2Fcategories&post=1752"},{"taxonomy":"post_tag","embeddable":true,"href":"http:\/\/sinpro-al.com.br\/v2\/index.php?rest_route=%2Fwp%2Fv2%2Ftags&post=1752"}],"curies":[{"name":"wp","href":"https:\/\/api.w.org\/{rel}","templated":true}]}}