{"id":1745,"date":"2015-11-30T12:36:03","date_gmt":"2015-11-30T15:36:03","guid":{"rendered":"http:\/\/sinpro-al.com.br\/v2\/?p=1745"},"modified":"2015-11-30T12:36:03","modified_gmt":"2015-11-30T15:36:03","slug":"contee-e-homenageada-na-camara-dos-deputados-sinproal-marca-presenca-na-solenidade","status":"publish","type":"post","link":"http:\/\/sinpro-al.com.br\/v2\/?p=1745","title":{"rendered":"Contee \u00e9 homenageada na C\u00e2mara dos Deputados; Sinpro\/AL marca presen\u00e7a na solenidade"},"content":{"rendered":"<div id=\"attachment_1746\" style=\"width: 310px\" class=\"wp-caption alignleft\"><a href=\"http:\/\/sinpro-al.com.br\/v2\/wp-content\/uploads\/2015\/11\/contee-25anos-2.jpg\"><img loading=\"lazy\" decoding=\"async\" aria-describedby=\"caption-attachment-1746\" class=\"wp-image-1746 size-medium\" src=\"http:\/\/sinpro-al.com.br\/v2\/wp-content\/uploads\/2015\/11\/contee-25anos-2-300x300.jpg\" alt=\"contee-25anos-2\" width=\"300\" height=\"300\" srcset=\"http:\/\/sinpro-al.com.br\/v2\/wp-content\/uploads\/2015\/11\/contee-25anos-2-300x300.jpg 300w, http:\/\/sinpro-al.com.br\/v2\/wp-content\/uploads\/2015\/11\/contee-25anos-2-150x150.jpg 150w, http:\/\/sinpro-al.com.br\/v2\/wp-content\/uploads\/2015\/11\/contee-25anos-2-45x45.jpg 45w, http:\/\/sinpro-al.com.br\/v2\/wp-content\/uploads\/2015\/11\/contee-25anos-2.jpg 368w\" sizes=\"auto, (max-width: 300px) 100vw, 300px\" \/><\/a><p id=\"caption-attachment-1746\" class=\"wp-caption-text\">Marcelo Porto, Eduardo Vasconcelos e outros sindicalistas participam de sess\u00e3o solene na C\u00e2mara dos Deputados<\/p><\/div>\n<p>A Confedera\u00e7\u00e3o Nacional dos Trabalhadores em Estabelecimentos de Ensino (Contee) foi homenageada na C\u00e2mara dos Deputados, em Bras\u00edlia, pelos seus\u00a0 25 anos em defesa dos trabalhadores e da educa\u00e7\u00e3o. Quem marcou presen\u00e7a no encontro foram os diretores do Sindicato dos Professores de Alagoas (Sinpro-AL), Eduardo Vasconcelos e Marcelo Porto.<\/p>\n<p>A Coordenadora Geral da Contee, Madalena Guasco, que agradeceu aos companheiros e companheiras das entidades de trabalhadores da educa\u00e7\u00e3o e estudantes que atuaram e continuam atuando ao lado da Contee na defesa da educa\u00e7\u00e3o p\u00fablica, gratuita, democr\u00e1tica e de qualidade socialmente referenciada durante os \u00faltimos 25 anos.<\/p>\n<p>Um dos pontos abordados por Madalena Guasco foi o debate lan\u00e7ado pela Contee e sua luta pela regulamenta\u00e7\u00e3o da educa\u00e7\u00e3o privada e fortalecimento do ensino p\u00fablico no Brasil. Madalena tamb\u00e9m frisou a participa\u00e7\u00e3o da Contee e sua for\u00e7a no setor, tanto nacionalmente quanto internacionalmente.<\/p>\n<p><strong>Confira abaixo a \u00edntegra do discurso da Coordenadora Geral da Contee, Madalena Guasco:<\/strong><\/p>\n<p><strong>\u201c<\/strong><em>Sr. presidente, prezados componentes da mesa: Roberto Franklin Le\u00e3o \u2013 Presidente da Confedera\u00e7\u00e3o Nacional dos Trabalhadores em Educa\u00e7\u00e3o \u2013 CNTE; Carina Vitral \u2013 Presidente da Uni\u00e3o Nacional dos Estudantes \u2013 UNE; Eduardo Rolin \u2013 Presidente da Federa\u00e7\u00e3o de Sindicatos de Professores e Professoras de Institui\u00e7\u00f5es Federais de Ensino Superior e de Ensino B\u00e1sico T\u00e9cnico e Tecnol\u00f3gico \u2013 Proifes Federa\u00e7\u00e3o e Walisson Mauricio De Pinho Ara\u00fajo \u2013 Secret\u00e1rio Executivo do F\u00f3rum Nacional de Educa\u00e7\u00e3o \u2013 FNE;<\/em><\/p>\n<div id=\"attachment_1747\" style=\"width: 372px\" class=\"wp-caption alignleft\"><a href=\"http:\/\/sinpro-al.com.br\/v2\/wp-content\/uploads\/2015\/11\/contee-25anos-.jpg\"><img loading=\"lazy\" decoding=\"async\" aria-describedby=\"caption-attachment-1747\" class=\"wp-image-1747\" src=\"http:\/\/sinpro-al.com.br\/v2\/wp-content\/uploads\/2015\/11\/contee-25anos--300x200.jpg\" alt=\"contee-25anos-\" width=\"362\" height=\"241\" srcset=\"http:\/\/sinpro-al.com.br\/v2\/wp-content\/uploads\/2015\/11\/contee-25anos--300x200.jpg 300w, http:\/\/sinpro-al.com.br\/v2\/wp-content\/uploads\/2015\/11\/contee-25anos--1024x683.jpg 1024w\" sizes=\"auto, (max-width: 362px) 100vw, 362px\" \/><\/a><p id=\"caption-attachment-1747\" class=\"wp-caption-text\">Contee: 25 anos em defesa da educa\u00e7\u00e3o p\u00fablica, gratuita, democr\u00e1tica e de qualidade<\/p><\/div>\n<p><em>Senhores e senhoras deputadas e outras autoridades aqui presentes.<\/em><\/p>\n<p><em>Primeiramente gostaria de agradecer ao nosso querido deputado Wadson Ribeiro (PC do B \u2013 MG), autor do requerimento para que pud\u00e9ssemos comemorar os 25 anos da CONTEE nessa casa do povo.<\/em><\/p>\n<p><em>Agradecer aos companheiros e companheiras das entidades de trabalhadores da educa\u00e7\u00e3o e dos estudantes aqui presentes, entidades que atuam de m\u00e3os dadas com a CONTEE na defesa intransigente da educa\u00e7\u00e3o p\u00fablica, gratuita democr\u00e1tica e de qualidade socialmente referenciada.<\/em><\/p>\n<p><em>A CONTEE nasceu da necessidade de organizar em n\u00edvel nacional os trabalhadores da educa\u00e7\u00e3o privada. H\u00e1 25 anos os sindicatos democr\u00e1ticos e de luta da categoria se uniram para construir sua entidade nacional.<\/em><\/p>\n<p><em>Aproveito para fazer uma homenagem aos companheiros que foram os fundadores da CONTEE \u2013 Luis Antonio Barbagli, Wellington Teixeira Gomes e Jos\u00e9 Roberto Torres Machado. E aos dois presidentes da nossa entidade, que me antecederam \u2013 Wellington Teixeira Gomes e Augusto Cezar Petta.<\/em><\/p>\n<p><em>Quero aqui homenagear tamb\u00e9m todos e todas os companheiros e companheiras que compuseram as diretorias da Entidade nesses 25 anos, todos e todas construtores dessa entidade.<\/em><\/p>\n<p><em>Quando a entidade foi fundada, h\u00e1 25 anos, em 1990, iniciava-se no Brasil a implementa\u00e7\u00e3o de um dos projetos mais antidemocr\u00e1ticos que a sociedade brasileira conheceu: o projeto neoliberal que retirou direitos, transformou direitos em servi\u00e7os n\u00e3o exclusivos abrindo as portas para a privatiza\u00e7\u00e3o de direitos \u2013 como a sa\u00fade e a educa\u00e7\u00e3o \u2013, enfraquecendo as institui\u00e7\u00f5es p\u00fablicas e fortalecendo a mercantiliza\u00e7\u00e3o.<\/em><\/p>\n<p><em>Fez uma reforma da Constitui\u00e7\u00e3o e do Estado brasileiro para torn\u00e1-lo inoperante na garantia dos direitos sociais, implementando o que se chamou de Estado m\u00ednimo, com a privatiza\u00e7\u00e3o desvairada das nossas riquezas.<\/em><\/p>\n<p><em>Esse governo Neoliberal, que perdurou por mais de uma d\u00e9cada, levou o pa\u00eds a bancarrota, com taxas de desemprego alarmantes, com baixo crescimento, privilegiando o capital financeiro em detrimento da produ\u00e7\u00e3o, quase destruindo a ind\u00fastria nacional.<\/em><\/p>\n<p><em>Uma d\u00e9cada de dificuldades, com desemprego recorde, um sal\u00e1rio m\u00ednimo p\u00edfio. Essa realidade hist\u00f3rica incontest\u00e1vel \u00e9 a que hoje a m\u00eddia das classes dominantes fazem de conta esquecer.<\/em><\/p>\n<p><em>A CONTEE, fundada nessa d\u00e9cada, cumpriu o papel de conscientizar os trabalhadores de educa\u00e7\u00e3o privada que o modelo em curso tinha que ser combatido al\u00e9m de mostrar que a privatiza\u00e7\u00e3o dos direitos, principalmente da educa\u00e7\u00e3o representava abrir m\u00e3o de um projeto de desenvolvimento democr\u00e1tico e soberano para o nosso pa\u00eds.<\/em><\/p>\n<p><em>Lan\u00e7ou no debate educacional a palavra de ordem da regulamenta\u00e7\u00e3o da educa\u00e7\u00e3o privada e da necessidade de lutarmos para que os interesses privatistas n\u00e3o se sobrepusessem aos interesses p\u00fablicos e de desenvolvimento nacional do Brasil.<\/em><\/p>\n<p><em>A CONTEE como entidade sindical e de defesa da educa\u00e7\u00e3o p\u00fablica, nunca se furtou ao debate pol\u00edtico, e foi aprimorando a sua estrutura para dar conta dos desafios que a conjuntura nacional e internacional nos colocava.<\/em><\/p>\n<p><em>A CONTEE, por sua especificidade, teve e continua tendo a miss\u00e3o de alertar que a n\u00e3o regulamenta\u00e7\u00e3o da educa\u00e7\u00e3o privada representa uma afronta a educa\u00e7\u00e3o p\u00fablica que tanto defendemos.<\/em><\/p>\n<p><em>A ess\u00eancia de sua atua\u00e7\u00e3o \u00e9 o combate \u00e0 mercantiliza\u00e7\u00e3o e \u00e0 desnacionaliza\u00e7\u00e3o da educa\u00e7\u00e3o e a luta pelo desenvolvimento do Pa\u00eds, com distribui\u00e7\u00e3o de renda, justi\u00e7a social e soberania nacional.<\/em><\/p>\n<p><em>Durante os anos 90 e in\u00edcio dos anos 2000, as entidades n\u00e3o tinham participa\u00e7\u00e3o na elabora\u00e7\u00e3o e acompanhamento democr\u00e1tico das pol\u00edticas p\u00fablicas, porque n\u00e3o havia interesse de que a sociedade organizada participasse da constru\u00e7\u00e3o de pol\u00edticas.<\/em><\/p>\n<p><em>Apesar de ter continuado a funcionar o parlamento, esse foi, como j\u00e1 disse, um per\u00edodo antidemocr\u00e1tico.<\/em><\/p>\n<p><em>Na luta pela mudan\u00e7a de curso, a CONTEE desde o primeiro momento se posicionou politicamente pela elei\u00e7\u00e3o do presidente Lula para que o Brasil mudasse o curso econ\u00f4mico e pol\u00edtico. A CONTEE sente orgulho desse percurso, porque assim como outras entidades de educa\u00e7\u00e3o e da sociedade civil organizada, n\u00e3o s\u00f3 passou a participar da pol\u00edtica nacional de forma respeitosa, como tamb\u00e9m, viu mudan\u00e7as importantes no rumo da economia e da politica e da educa\u00e7\u00e3o em nosso pa\u00eds.<\/em><\/p>\n<p><em>Os dados s\u00e3o reveladores desse constata\u00e7\u00e3o.<\/em><\/p>\n<p><em>A Entidade, que foi criada h\u00e1 25 anos, se consolidou, participando de todos os f\u00f3runs nacionais e internacionais e hoje \u00e9 reconhecida como uma entidade de luta, que elabora pol\u00edticas de relev\u00e2ncia e que sabe construir unidade pol\u00edtica, que tem posicionamento na luta pela manuten\u00e7\u00e3o dos direitos dos trabalhadores, dos trabalhadores da educa\u00e7\u00e3o em particular e da sociedade brasileira.<\/em><\/p>\n<p><em>A CONTEE atua internacionalmente tanto nas rela\u00e7\u00f5es sindicais quanto educacionais e trabalhistas, e para tanto \u00e9 filiada \u00e0 Confedera\u00e7\u00e3o dos Educadores Americanos (CEA), \u00e0 Sindical de Educa\u00e7\u00e3o da Comunidade dos Pa\u00edses de L\u00edngua Portuguesa (CPLP-SE), \u00e0 Internacional da Educa\u00e7\u00e3o (IE) e \u00e0 Federa\u00e7\u00e3o Internacional de Sindicatos de Educadores (FISE).<\/em><\/p>\n<p><em>Atuamos como entidade nessa casa para defender os direitos dos trabalhadores, da educa\u00e7\u00e3o p\u00fablica, gratuita e democr\u00e1tica, contra todo tipo de conservadorismo, discrimina\u00e7\u00e3o e retrocesso.<\/em><\/p>\n<p><em>N\u00f3s constru\u00edmos uma entidade democr\u00e1tica e plural, que tem autocr\u00edtica, que avalia historicamente seu percurso, seus erros e acertos, e, nesse sentido, uma entidade viva e representativa que vem crescendo na sua representatividade.<\/em><\/p>\n<p><em>A CONTEE \u00e9 uma entidade sindical de terceiro grau que congrega quase uma centena de sindicatos e federa\u00e7\u00f5es de professores(as) e t\u00e9cnicos(as) e administrativos(as) do setor privado de ensino, da educa\u00e7\u00e3o infantil \u00e0 superior \u2013 representando atualmente cerca de mais de 1 milh\u00e3o de trabalhadores(as) brasileiros(as).<\/em><\/p>\n<p><em>Vivemos uma situa\u00e7\u00e3o muito dif\u00edcil no nosso pa\u00eds, um momento que, diante do acirramento da crise econ\u00f4mica e pol\u00edtica, todo tipo de oportunismo emerge e aqueles que levaram o pa\u00eds a bancarrota nos anos 90 se arvoram como salvadores da p\u00e1tria e que abertamente voltam a defender a retirada do Estado, a privatiza\u00e7\u00e3o completa dos direitos, a ades\u00e3o do Brasil aos acordos internacionais que retiram a nossa soberania, o fim do Mercosul, o enfraquecimento da alian\u00e7a dos pa\u00edses da Am\u00e9rica Latina e novamente a nossa subservi\u00eancia ao imperialismo norte-americano.<\/em><\/p>\n<p><em>Al\u00e9m dessas vozes, come\u00e7am a se pronunciar tamb\u00e9m aqueles que defendem o fim da democracia e a volta do regime de exce\u00e7\u00e3o.<\/em><\/p>\n<p><em>A CONTEE est\u00e1 preparada para a luta contra os retrocessos e contra esse projeto nefasto que conhecemos muito bem, que penaliza os trabalhadores, fortalece o capital financeiro e os interesses privados.<\/em><\/p>\n<p><em>Estamos preparados tamb\u00e9m para defender a democracia e lutaremos pelo seu aperfei\u00e7oamento.<\/em><\/p>\n<p><em>Somos uma entidade de educadores e sabemos da nossa responsabilidade.<\/em><\/p>\n<p><em>Muito obrigada pela presen\u00e7a de todos e todas.<\/em><\/p>\n<p><em>A CONTEE continuar\u00e1 o seu percurso como entidade de luta que n\u00e3o esmorece diante dos desafios.<\/em><strong>\u201d<\/strong><\/p>\n<p><strong>Madalena Guasco Peixoto &#8211;\u00a0<\/strong>Coordenadora Geral da Contee.<\/p>\n","protected":false},"excerpt":{"rendered":"<p>A Confedera\u00e7\u00e3o Nacional dos Trabalhadores em Estabelecimentos de Ensino (Contee) foi homenageada na C\u00e2mara dos Deputados, em Bras\u00edlia, pelos seus\u00a0 25 anos em defesa dos trabalhadores e da educa\u00e7\u00e3o. Quem marcou presen\u00e7a no encontro foram os diretores do Sindicato dos Professores de Alagoas (Sinpro-AL), Eduardo Vasconcelos e Marcelo Porto. A Coordenadora Geral da Contee, Madalena [&hellip;]<\/p>\n","protected":false},"author":4,"featured_media":1747,"comment_status":"open","ping_status":"open","sticky":false,"template":"","format":"standard","meta":{"footnotes":""},"categories":[4],"tags":[],"class_list":["post-1745","post","type-post","status-publish","format-standard","has-post-thumbnail","hentry","category-noticias-sinpro-al"],"_links":{"self":[{"href":"http:\/\/sinpro-al.com.br\/v2\/index.php?rest_route=\/wp\/v2\/posts\/1745","targetHints":{"allow":["GET"]}}],"collection":[{"href":"http:\/\/sinpro-al.com.br\/v2\/index.php?rest_route=\/wp\/v2\/posts"}],"about":[{"href":"http:\/\/sinpro-al.com.br\/v2\/index.php?rest_route=\/wp\/v2\/types\/post"}],"author":[{"embeddable":true,"href":"http:\/\/sinpro-al.com.br\/v2\/index.php?rest_route=\/wp\/v2\/users\/4"}],"replies":[{"embeddable":true,"href":"http:\/\/sinpro-al.com.br\/v2\/index.php?rest_route=%2Fwp%2Fv2%2Fcomments&post=1745"}],"version-history":[{"count":1,"href":"http:\/\/sinpro-al.com.br\/v2\/index.php?rest_route=\/wp\/v2\/posts\/1745\/revisions"}],"predecessor-version":[{"id":1748,"href":"http:\/\/sinpro-al.com.br\/v2\/index.php?rest_route=\/wp\/v2\/posts\/1745\/revisions\/1748"}],"wp:featuredmedia":[{"embeddable":true,"href":"http:\/\/sinpro-al.com.br\/v2\/index.php?rest_route=\/wp\/v2\/media\/1747"}],"wp:attachment":[{"href":"http:\/\/sinpro-al.com.br\/v2\/index.php?rest_route=%2Fwp%2Fv2%2Fmedia&parent=1745"}],"wp:term":[{"taxonomy":"category","embeddable":true,"href":"http:\/\/sinpro-al.com.br\/v2\/index.php?rest_route=%2Fwp%2Fv2%2Fcategories&post=1745"},{"taxonomy":"post_tag","embeddable":true,"href":"http:\/\/sinpro-al.com.br\/v2\/index.php?rest_route=%2Fwp%2Fv2%2Ftags&post=1745"}],"curies":[{"name":"wp","href":"https:\/\/api.w.org\/{rel}","templated":true}]}}