{"id":16,"date":"2013-08-01T17:19:20","date_gmt":"2013-08-01T20:19:20","guid":{"rendered":"http:\/\/sinpro-al.com.br\/v2\/?p=16"},"modified":"2014-02-19T15:45:56","modified_gmt":"2014-02-19T18:45:56","slug":"sinpro-alagoas-denuncia-irregularidades-de-escolas-privadas-no-mte-e-no-mpt","status":"publish","type":"post","link":"http:\/\/sinpro-al.com.br\/v2\/?p=16","title":{"rendered":"Sinpro-AL denuncia irregularidades de escolas privadas no MTE e no MPT"},"content":{"rendered":"<div id=\"attachment_231\" style=\"width: 310px\" class=\"wp-caption alignleft\"><a href=\"http:\/\/sinpro-al.com.br\/v2\/wp-content\/uploads\/2013\/08\/MTE.jpg\"><img loading=\"lazy\" decoding=\"async\" aria-describedby=\"caption-attachment-231\" class=\"size-medium wp-image-231\" alt=\"MTE\" src=\"http:\/\/sinpro-al.com.br\/v2\/wp-content\/uploads\/2013\/08\/MTE-300x224.jpg\" width=\"300\" height=\"224\" srcset=\"http:\/\/sinpro-al.com.br\/v2\/wp-content\/uploads\/2013\/08\/MTE-300x224.jpg 300w, http:\/\/sinpro-al.com.br\/v2\/wp-content\/uploads\/2013\/08\/MTE.jpg 960w\" sizes=\"auto, (max-width: 300px) 100vw, 300px\" \/><\/a><p id=\"caption-attachment-231\" class=\"wp-caption-text\">Em audi\u00eancia no Minist\u00e9rio do Trabalho e Emprego, com o Superintendente Regional, dr. Israel Lessa, e v\u00e1rios auditores fiscais do trabalho<\/p><\/div>\n<p>O Sinpro Alagoas apresentou junto ao MTE e ao MPT , den\u00fancias por descumprimento da Conven\u00e7\u00e3o Coletiva de Trabalho (CCT), contra as seguintes institui\u00e7\u00f5es de ensino: Contato, Marcelo Cursos, Atheneu, Santa \u00darsula, Monteiro Lobato, Paulo Freire, Rosalvo Ribeiro dos Santos e SEB\/COC.<\/p>\n<p>As principais irregularidades s\u00e3o: n\u00e3o depositarem o FGTS dos funcion\u00e1rios, o que infringe n\u00e3o s\u00f3 CCT, mas tamb\u00e9m a Consolida\u00e7\u00e3o das Leis trabalhistas (CLT), informalidade, ass\u00e9dio moral, atraso ou n\u00e3o pagamento dos sal\u00e1rios, acordos coletivos assinados sem a presen\u00e7a do Sinpro Alagoas etc.<br \/>\nPara cada uma das den\u00fancias, foi convocada uma reuni\u00e3o, onde o Minist\u00e9rio do Trabalho ou Minist\u00e9rio P\u00fablico do Trabalho notificaram os representantes patronais, para darem explica\u00e7\u00f5es e firmarem compromissos para que as irregularidades sejam sanadas.<\/p>\n","protected":false},"excerpt":{"rendered":"<p>O Sinpro Alagoas apresentou junto ao MTE e ao MPT , den\u00fancias por descumprimento da Conven\u00e7\u00e3o Coletiva de Trabalho (CCT), contra as seguintes institui\u00e7\u00f5es de ensino: Contato, Marcelo Cursos, Atheneu, Santa \u00darsula, Monteiro Lobato, Paulo Freire, Rosalvo Ribeiro dos Santos e SEB\/COC. As principais irregularidades s\u00e3o: n\u00e3o depositarem o FGTS dos funcion\u00e1rios, o que infringe [&hellip;]<\/p>\n","protected":false},"author":1,"featured_media":0,"comment_status":"open","ping_status":"open","sticky":false,"template":"","format":"standard","meta":{"footnotes":""},"categories":[4],"tags":[],"class_list":["post-16","post","type-post","status-publish","format-standard","hentry","category-noticias-sinpro-al"],"_links":{"self":[{"href":"http:\/\/sinpro-al.com.br\/v2\/index.php?rest_route=\/wp\/v2\/posts\/16","targetHints":{"allow":["GET"]}}],"collection":[{"href":"http:\/\/sinpro-al.com.br\/v2\/index.php?rest_route=\/wp\/v2\/posts"}],"about":[{"href":"http:\/\/sinpro-al.com.br\/v2\/index.php?rest_route=\/wp\/v2\/types\/post"}],"author":[{"embeddable":true,"href":"http:\/\/sinpro-al.com.br\/v2\/index.php?rest_route=\/wp\/v2\/users\/1"}],"replies":[{"embeddable":true,"href":"http:\/\/sinpro-al.com.br\/v2\/index.php?rest_route=%2Fwp%2Fv2%2Fcomments&post=16"}],"version-history":[{"count":17,"href":"http:\/\/sinpro-al.com.br\/v2\/index.php?rest_route=\/wp\/v2\/posts\/16\/revisions"}],"predecessor-version":[{"id":236,"href":"http:\/\/sinpro-al.com.br\/v2\/index.php?rest_route=\/wp\/v2\/posts\/16\/revisions\/236"}],"wp:attachment":[{"href":"http:\/\/sinpro-al.com.br\/v2\/index.php?rest_route=%2Fwp%2Fv2%2Fmedia&parent=16"}],"wp:term":[{"taxonomy":"category","embeddable":true,"href":"http:\/\/sinpro-al.com.br\/v2\/index.php?rest_route=%2Fwp%2Fv2%2Fcategories&post=16"},{"taxonomy":"post_tag","embeddable":true,"href":"http:\/\/sinpro-al.com.br\/v2\/index.php?rest_route=%2Fwp%2Fv2%2Ftags&post=16"}],"curies":[{"name":"wp","href":"https:\/\/api.w.org\/{rel}","templated":true}]}}