{"id":1209,"date":"2015-09-01T11:36:21","date_gmt":"2015-09-01T14:36:21","guid":{"rendered":"http:\/\/sinpro-al.com.br\/v2\/?p=1209"},"modified":"2015-09-01T18:33:41","modified_gmt":"2015-09-01T21:33:41","slug":"mais-de-200-professores-se-filiam-ao-sinproal-apos-posse-da-nova-gestao","status":"publish","type":"post","link":"http:\/\/sinpro-al.com.br\/v2\/?p=1209","title":{"rendered":"Mais de 200 professores se filiam ao Sinpro\/AL ap\u00f3s posse da nova gest\u00e3o"},"content":{"rendered":"<p class=\"ecxmsonormal\" style=\"text-align: justify; line-height: 15.95pt; background: white; margin: 0cm 0cm 16.2pt 0cm;\"><span style=\"font-size: 11.5pt; font-family: 'Calibri','sans-serif'; color: #444444;\"><a href=\"http:\/\/sinpro-al.com.br\/v2\/wp-content\/uploads\/2015\/09\/sindicalizfrrfg.jpg\"><img loading=\"lazy\" decoding=\"async\" class=\"alignleft size-medium wp-image-1210\" src=\"http:\/\/sinpro-al.com.br\/v2\/wp-content\/uploads\/2015\/09\/sindicalizfrrfg-212x300.jpg\" alt=\"sindicalizfrrfg\" width=\"212\" height=\"300\" srcset=\"http:\/\/sinpro-al.com.br\/v2\/wp-content\/uploads\/2015\/09\/sindicalizfrrfg-212x300.jpg 212w, http:\/\/sinpro-al.com.br\/v2\/wp-content\/uploads\/2015\/09\/sindicalizfrrfg.jpg 679w\" sizes=\"auto, (max-width: 212px) 100vw, 212px\" \/><\/a><\/span><span style=\"font-size: 11.5pt; font-family: 'Calibri','sans-serif'; color: #444444;\">\u00c9 tempo de construir. Atrav\u00e9s desse lema a diretoria do Sindicato dos Professores de Alagoas tem pautado suas atua\u00e7\u00f5es e em pouco mais de 3 meses de gest\u00e3o a resposta j\u00e1 veio atrav\u00e9s do n\u00famero de filia\u00e7\u00f5es.\u00a0 S\u00f3 essa semana, foi computada atrav\u00e9s do setor administrativo da entidade classista 209 filia\u00e7\u00f5es desde maio.<\/span><\/p>\n<p class=\"ecxmsonormal\" style=\"line-height: 15.95pt; background: white; orphans: auto; text-align: start; widows: 1; -webkit-text-stroke-width: 0px; word-spacing: 0px; margin: 0cm 0cm 16.2pt 0cm;\"><span style=\"font-size: 11.5pt; font-family: 'Calibri','sans-serif'; color: #444444;\">O n\u00famero reflete a confian\u00e7a da categoria na nova gest\u00e3o e o trabalho exaustivo em prol de lutas e valoriza\u00e7\u00f5es da categoria.<\/span><\/p>\n<p class=\"ecxmsonormal\" style=\"line-height: 15.95pt; background: white; orphans: auto; text-align: start; widows: 1; -webkit-text-stroke-width: 0px; word-spacing: 0px; margin: 0cm 0cm 16.2pt 0cm;\"><span style=\"font-size: 11.5pt; font-family: 'Calibri','sans-serif'; color: #444444;\">Atual diretoria do Sinpro\/AL tem seu trabalho marcado pela unidade, transpar\u00eancia e a forma democr\u00e1tica como as decis\u00f5es s\u00e3o tomadas.<\/span><\/p>\n<p class=\"ecxmsonormal\" style=\"line-height: 15.95pt; background: white; orphans: auto; text-align: start; widows: 1; -webkit-text-stroke-width: 0px; word-spacing: 0px; margin: 0cm 0cm 16.2pt 0cm;\"><span style=\"font-size: 11.5pt; font-family: 'Calibri','sans-serif'; color: #444444;\">Somos professores com orgulho e exigimos respeito!<\/span><\/p>\n<p class=\"ecxmsonormal\" style=\"line-height: 15.95pt; background: white; orphans: auto; text-align: start; widows: 1; -webkit-text-stroke-width: 0px; word-spacing: 0px; margin: 0cm 0cm 16.2pt 0cm;\"><span style=\"font-size: 11.5pt; font-family: 'Calibri','sans-serif'; color: #444444;\"><strong>Saiba mais:<\/strong><span class=\"apple-converted-space\">\u00a0<\/span><a style=\"font-weight: inherit; cursor: pointer;\" href=\"http:\/\/sinpro-al.com.br\/v2\/?page_id=45\"><span style=\"color: #0068cf;\">http:\/\/sinpro-al.com.br\/v2\/?page_id=45<\/span><\/a><span class=\"apple-converted-space\">\u00a0<\/span>\u00a0<\/span><\/p>\n","protected":false},"excerpt":{"rendered":"<p>\u00c9 tempo de construir. Atrav\u00e9s desse lema a diretoria do Sindicato dos Professores de Alagoas tem pautado suas atua\u00e7\u00f5es e em pouco mais de 3 meses de gest\u00e3o a resposta j\u00e1 veio atrav\u00e9s do n\u00famero de filia\u00e7\u00f5es.\u00a0 S\u00f3 essa semana, foi computada atrav\u00e9s do setor administrativo da entidade classista 209 filia\u00e7\u00f5es desde maio. O n\u00famero [&hellip;]<\/p>\n","protected":false},"author":4,"featured_media":1210,"comment_status":"open","ping_status":"open","sticky":false,"template":"","format":"standard","meta":{"footnotes":""},"categories":[4],"tags":[],"class_list":["post-1209","post","type-post","status-publish","format-standard","has-post-thumbnail","hentry","category-noticias-sinpro-al"],"_links":{"self":[{"href":"http:\/\/sinpro-al.com.br\/v2\/index.php?rest_route=\/wp\/v2\/posts\/1209","targetHints":{"allow":["GET"]}}],"collection":[{"href":"http:\/\/sinpro-al.com.br\/v2\/index.php?rest_route=\/wp\/v2\/posts"}],"about":[{"href":"http:\/\/sinpro-al.com.br\/v2\/index.php?rest_route=\/wp\/v2\/types\/post"}],"author":[{"embeddable":true,"href":"http:\/\/sinpro-al.com.br\/v2\/index.php?rest_route=\/wp\/v2\/users\/4"}],"replies":[{"embeddable":true,"href":"http:\/\/sinpro-al.com.br\/v2\/index.php?rest_route=%2Fwp%2Fv2%2Fcomments&post=1209"}],"version-history":[{"count":2,"href":"http:\/\/sinpro-al.com.br\/v2\/index.php?rest_route=\/wp\/v2\/posts\/1209\/revisions"}],"predecessor-version":[{"id":1213,"href":"http:\/\/sinpro-al.com.br\/v2\/index.php?rest_route=\/wp\/v2\/posts\/1209\/revisions\/1213"}],"wp:featuredmedia":[{"embeddable":true,"href":"http:\/\/sinpro-al.com.br\/v2\/index.php?rest_route=\/wp\/v2\/media\/1210"}],"wp:attachment":[{"href":"http:\/\/sinpro-al.com.br\/v2\/index.php?rest_route=%2Fwp%2Fv2%2Fmedia&parent=1209"}],"wp:term":[{"taxonomy":"category","embeddable":true,"href":"http:\/\/sinpro-al.com.br\/v2\/index.php?rest_route=%2Fwp%2Fv2%2Fcategories&post=1209"},{"taxonomy":"post_tag","embeddable":true,"href":"http:\/\/sinpro-al.com.br\/v2\/index.php?rest_route=%2Fwp%2Fv2%2Ftags&post=1209"}],"curies":[{"name":"wp","href":"https:\/\/api.w.org\/{rel}","templated":true}]}}