{"id":1205,"date":"2015-08-31T16:36:04","date_gmt":"2015-08-31T19:36:04","guid":{"rendered":"http:\/\/sinpro-al.com.br\/v2\/?p=1205"},"modified":"2015-08-31T16:36:04","modified_gmt":"2015-08-31T19:36:04","slug":"sinproal-e-destaque-em-materia-que-trata-da-revolucao-no-ensino-em-alagoas","status":"publish","type":"post","link":"http:\/\/sinpro-al.com.br\/v2\/?p=1205","title":{"rendered":"Sinpro\/AL \u00e9 destaque em mat\u00e9ria que trata da \u201crevolu\u00e7\u00e3o\u201d no ensino em Alagoas"},"content":{"rendered":"<p><a href=\"http:\/\/sinpro-al.com.br\/v2\/wp-content\/uploads\/2015\/08\/jornal-1.jpg\"><img loading=\"lazy\" decoding=\"async\" class=\"alignleft size-medium wp-image-1206\" src=\"http:\/\/sinpro-al.com.br\/v2\/wp-content\/uploads\/2015\/08\/jornal-1-300x184.jpg\" alt=\"jornal 1\" width=\"300\" height=\"184\" srcset=\"http:\/\/sinpro-al.com.br\/v2\/wp-content\/uploads\/2015\/08\/jornal-1-300x184.jpg 300w, http:\/\/sinpro-al.com.br\/v2\/wp-content\/uploads\/2015\/08\/jornal-1-1024x627.jpg 1024w\" sizes=\"auto, (max-width: 300px) 100vw, 300px\" \/><\/a>O Sindicato dos Professores de Alagoas (Sinpro\/AL) foi ouvido atrav\u00e9s do seu presidente, Eduardo Vasconcelos, para embasar a mat\u00e9ria do jornal Cada Minuto sobre a publica\u00e7\u00e3o \u201cJ\u00e1 come\u00e7ou a revolu\u00e7\u00e3o: como funciona o ensino integral em Alagoas\u201d.<\/p>\n<p>As preocupa\u00e7\u00f5es b\u00e1sicas, em rela\u00e7\u00e3o aos professores, sobre a educa\u00e7\u00e3o integral foram colocadas por Eduardo: \u201ca valoriza\u00e7\u00e3o do professor, forma\u00e7\u00e3o profissional e sal\u00e1rios juntos\u201d.<\/p>\n<p><a href=\"http:\/\/sinpro-al.com.br\/v2\/wp-content\/uploads\/2015\/08\/jornal-2.jpg\"><img loading=\"lazy\" decoding=\"async\" class=\"alignleft size-medium wp-image-1207\" src=\"http:\/\/sinpro-al.com.br\/v2\/wp-content\/uploads\/2015\/08\/jornal-2-300x217.jpg\" alt=\"jornal 2\" width=\"300\" height=\"217\" srcset=\"http:\/\/sinpro-al.com.br\/v2\/wp-content\/uploads\/2015\/08\/jornal-2-300x217.jpg 300w, http:\/\/sinpro-al.com.br\/v2\/wp-content\/uploads\/2015\/08\/jornal-2-1024x742.jpg 1024w\" sizes=\"auto, (max-width: 300px) 100vw, 300px\" \/><\/a>O presidente do Sinpro\/AL ainda salientou, segundo a publica\u00e7\u00e3o: \u201cO ensino integral nos leva irremediavelmente a duas quest\u00f5es: o pre\u00e7o da mensalidade e \u00e0 valoriza\u00e7\u00e3o do professor. \u00c9 preciso considerar se o aumento da mensalidade vai ser revertido para valoriza\u00e7\u00e3o do professor, em rela\u00e7\u00e3o \u00e1 hora aula e \u00e0 forma\u00e7\u00e3o, ou se vai ser um faz de conta e, simplesmente, aumentar a jornada por aumentar. Nossa preocupa\u00e7\u00e3o \u00e9 saber se as escolas v\u00e3o querer investir para forma\u00e7\u00e3o integral, pois, os investimentos ser\u00e3o maiores e querendo ou n\u00e3o, o sal\u00e1rio precisa aumentar seguindo a mesma propor\u00e7\u00e3o\u201d.<\/p>\n","protected":false},"excerpt":{"rendered":"<p>O Sindicato dos Professores de Alagoas (Sinpro\/AL) foi ouvido atrav\u00e9s do seu presidente, Eduardo Vasconcelos, para embasar a mat\u00e9ria do jornal Cada Minuto sobre a publica\u00e7\u00e3o \u201cJ\u00e1 come\u00e7ou a revolu\u00e7\u00e3o: como funciona o ensino integral em Alagoas\u201d. As preocupa\u00e7\u00f5es b\u00e1sicas, em rela\u00e7\u00e3o aos professores, sobre a educa\u00e7\u00e3o integral foram colocadas por Eduardo: \u201ca valoriza\u00e7\u00e3o do [&hellip;]<\/p>\n","protected":false},"author":4,"featured_media":1207,"comment_status":"open","ping_status":"open","sticky":false,"template":"","format":"standard","meta":{"footnotes":""},"categories":[4],"tags":[],"class_list":["post-1205","post","type-post","status-publish","format-standard","has-post-thumbnail","hentry","category-noticias-sinpro-al"],"_links":{"self":[{"href":"http:\/\/sinpro-al.com.br\/v2\/index.php?rest_route=\/wp\/v2\/posts\/1205","targetHints":{"allow":["GET"]}}],"collection":[{"href":"http:\/\/sinpro-al.com.br\/v2\/index.php?rest_route=\/wp\/v2\/posts"}],"about":[{"href":"http:\/\/sinpro-al.com.br\/v2\/index.php?rest_route=\/wp\/v2\/types\/post"}],"author":[{"embeddable":true,"href":"http:\/\/sinpro-al.com.br\/v2\/index.php?rest_route=\/wp\/v2\/users\/4"}],"replies":[{"embeddable":true,"href":"http:\/\/sinpro-al.com.br\/v2\/index.php?rest_route=%2Fwp%2Fv2%2Fcomments&post=1205"}],"version-history":[{"count":1,"href":"http:\/\/sinpro-al.com.br\/v2\/index.php?rest_route=\/wp\/v2\/posts\/1205\/revisions"}],"predecessor-version":[{"id":1208,"href":"http:\/\/sinpro-al.com.br\/v2\/index.php?rest_route=\/wp\/v2\/posts\/1205\/revisions\/1208"}],"wp:featuredmedia":[{"embeddable":true,"href":"http:\/\/sinpro-al.com.br\/v2\/index.php?rest_route=\/wp\/v2\/media\/1207"}],"wp:attachment":[{"href":"http:\/\/sinpro-al.com.br\/v2\/index.php?rest_route=%2Fwp%2Fv2%2Fmedia&parent=1205"}],"wp:term":[{"taxonomy":"category","embeddable":true,"href":"http:\/\/sinpro-al.com.br\/v2\/index.php?rest_route=%2Fwp%2Fv2%2Fcategories&post=1205"},{"taxonomy":"post_tag","embeddable":true,"href":"http:\/\/sinpro-al.com.br\/v2\/index.php?rest_route=%2Fwp%2Fv2%2Ftags&post=1205"}],"curies":[{"name":"wp","href":"https:\/\/api.w.org\/{rel}","templated":true}]}}