{"id":1202,"date":"2015-08-31T15:35:33","date_gmt":"2015-08-31T18:35:33","guid":{"rendered":"http:\/\/sinpro-al.com.br\/v2\/?p=1202"},"modified":"2015-08-31T15:35:33","modified_gmt":"2015-08-31T18:35:33","slug":"representantes-do-sinproal-tomam-posse-como-diretores-na-fitraene","status":"publish","type":"post","link":"http:\/\/sinpro-al.com.br\/v2\/?p=1202","title":{"rendered":"Representantes do Sinpro\/AL tomam posse como diretores na FITRAENE"},"content":{"rendered":"<div id=\"attachment_1203\" style=\"width: 310px\" class=\"wp-caption alignleft\"><a href=\"http:\/\/sinpro-al.com.br\/v2\/wp-content\/uploads\/2015\/08\/fitraene.jpg\"><img loading=\"lazy\" decoding=\"async\" aria-describedby=\"caption-attachment-1203\" class=\"wp-image-1203 size-medium\" src=\"http:\/\/sinpro-al.com.br\/v2\/wp-content\/uploads\/2015\/08\/fitraene-300x169.jpg\" alt=\"fitraene\" width=\"300\" height=\"169\" srcset=\"http:\/\/sinpro-al.com.br\/v2\/wp-content\/uploads\/2015\/08\/fitraene-300x169.jpg 300w, http:\/\/sinpro-al.com.br\/v2\/wp-content\/uploads\/2015\/08\/fitraene-1024x576.jpg 1024w, http:\/\/sinpro-al.com.br\/v2\/wp-content\/uploads\/2015\/08\/fitraene.jpg 1600w\" sizes=\"auto, (max-width: 300px) 100vw, 300px\" \/><\/a><p id=\"caption-attachment-1203\" class=\"wp-caption-text\">Diretores da FITRAENE tomam posse durante evento em Macei\u00f3<\/p><\/div>\n<p>Foi fundada em Macei\u00f3 \u00a0no \u00faltimo domingo, 29\/08, durante cerim\u00f4nia no audit\u00f3rio do Est\u00e1dio Rei Pel\u00e9,\u00a0 a Federa\u00e7\u00e3o Interestadual dos Trabalhadores em Estabelecimentos de Ensino Privado do Nordeste (FITRAENE), que tem como principal objetivo unificar as lutas dos trabalhadores em educa\u00e7\u00e3o no Pa\u00eds.<\/p>\n<p>A Federa\u00e7\u00e3o, de todo o Nordeste, ter\u00e1 sede em Alagoas e tem como presidente eleito e empossado na cerim\u00f4nia de funda\u00e7\u00e3o, o alagoano Robson C\u00e2mara, dirigente da CTB\/AL.<\/p>\n<p>Em seu discurso, Robson C\u00e2mara, presidente da FITRAENE para o quadri\u00eanio 2015-2019, reiterou a luta pela unidade da categoria, lembrando que as pautas devem visar \u201ca transforma\u00e7\u00e3o social\u201d. \u201cCom muita honra, agrade\u00e7o a todos pela confian\u00e7a, faremos um bom trabalho e darei o melhor de mim\u201d, disse o presidente empossado.<\/p>\n<p>A mesa do evento foi composta pelo presidente da CTB de Alagoas, Sinval Costa, que parabenizou a luta da categoria afirmando que \u201ca FITRAENE nasce num momento de muita maturidade e seriedade dos trabalhadores em educa\u00e7\u00e3o e de toda a categoria\u201d e o presidente do PCdoB em Macei\u00f3, Lindinaldo Freitas, que saudou a todos pela vis\u00e3o classista.<\/p>\n<p><strong>Representantes do Sinpro\/AL<\/strong><\/p>\n<p>O Sindicato dos Professores de Alagoas tamb\u00e9m comp\u00f5e a FITRAENE e tem representatividade no corpo diretivo atrav\u00e9s dos professores: Marcelo Porto, empossado secret\u00e1rio-geral, Jos\u00e9 Nivaldo Mota, diretor de comunica\u00e7\u00e3o e Keylor Fran\u00e7a, do conselho fiscal.<\/p>\n<p>Os membros das diretorias do Sinpro e da FITRAENE entendem que os sindicatos unidos ser\u00e3o cada vez mais fortes e consequentemente as categorias ser\u00e3o \u00a0representadas de melhor forma, avan\u00e7ando em lutas e conquista, sempre de forma coletiva.<\/p>\n<p><strong>*Com informa\u00e7\u00f5es de <\/strong><strong>Mariana Moura<\/strong><\/p>\n<p>&nbsp;<\/p>\n","protected":false},"excerpt":{"rendered":"<p>Foi fundada em Macei\u00f3 \u00a0no \u00faltimo domingo, 29\/08, durante cerim\u00f4nia no audit\u00f3rio do Est\u00e1dio Rei Pel\u00e9,\u00a0 a Federa\u00e7\u00e3o Interestadual dos Trabalhadores em Estabelecimentos de Ensino Privado do Nordeste (FITRAENE), que tem como principal objetivo unificar as lutas dos trabalhadores em educa\u00e7\u00e3o no Pa\u00eds. A Federa\u00e7\u00e3o, de todo o Nordeste, ter\u00e1 sede em Alagoas e tem [&hellip;]<\/p>\n","protected":false},"author":4,"featured_media":1203,"comment_status":"open","ping_status":"open","sticky":false,"template":"","format":"standard","meta":{"footnotes":""},"categories":[4],"tags":[],"class_list":["post-1202","post","type-post","status-publish","format-standard","has-post-thumbnail","hentry","category-noticias-sinpro-al"],"_links":{"self":[{"href":"http:\/\/sinpro-al.com.br\/v2\/index.php?rest_route=\/wp\/v2\/posts\/1202","targetHints":{"allow":["GET"]}}],"collection":[{"href":"http:\/\/sinpro-al.com.br\/v2\/index.php?rest_route=\/wp\/v2\/posts"}],"about":[{"href":"http:\/\/sinpro-al.com.br\/v2\/index.php?rest_route=\/wp\/v2\/types\/post"}],"author":[{"embeddable":true,"href":"http:\/\/sinpro-al.com.br\/v2\/index.php?rest_route=\/wp\/v2\/users\/4"}],"replies":[{"embeddable":true,"href":"http:\/\/sinpro-al.com.br\/v2\/index.php?rest_route=%2Fwp%2Fv2%2Fcomments&post=1202"}],"version-history":[{"count":1,"href":"http:\/\/sinpro-al.com.br\/v2\/index.php?rest_route=\/wp\/v2\/posts\/1202\/revisions"}],"predecessor-version":[{"id":1204,"href":"http:\/\/sinpro-al.com.br\/v2\/index.php?rest_route=\/wp\/v2\/posts\/1202\/revisions\/1204"}],"wp:featuredmedia":[{"embeddable":true,"href":"http:\/\/sinpro-al.com.br\/v2\/index.php?rest_route=\/wp\/v2\/media\/1203"}],"wp:attachment":[{"href":"http:\/\/sinpro-al.com.br\/v2\/index.php?rest_route=%2Fwp%2Fv2%2Fmedia&parent=1202"}],"wp:term":[{"taxonomy":"category","embeddable":true,"href":"http:\/\/sinpro-al.com.br\/v2\/index.php?rest_route=%2Fwp%2Fv2%2Fcategories&post=1202"},{"taxonomy":"post_tag","embeddable":true,"href":"http:\/\/sinpro-al.com.br\/v2\/index.php?rest_route=%2Fwp%2Fv2%2Ftags&post=1202"}],"curies":[{"name":"wp","href":"https:\/\/api.w.org\/{rel}","templated":true}]}}